{"id":96982,"date":"2026-02-22T11:10:40","date_gmt":"2026-02-22T14:10:40","guid":{"rendered":"https:\/\/vocesparalelas.com.ar\/sitio\/?p=96982"},"modified":"2026-02-23T11:36:01","modified_gmt":"2026-02-23T14:36:01","slug":"mas-de-lo-mismo","status":"publish","type":"post","link":"https:\/\/vocesparalelas.com.ar\/sitio\/mas-de-lo-mismo\/","title":{"rendered":"\u00bfM\u00e1s de lo mismo?"},"content":{"rendered":"<p>Por el Arzobispo de San Juan de Cuyo, Monse\u00f1or Jorge Eduardo Lozano<\/p>\n<p>Hace unos a\u00f1os, visitando una escuela secundaria, un adolescente me dec\u00eda \u201c\u00bfpara qu\u00e9 celebrar la Semana Santa cada a\u00f1o, si ya sabemos c\u00f3mo termina?\u201d. Es cierto que \u201cya sabemos c\u00f3mo termina\u201d, pero la incidencia en cada persona var\u00eda seg\u00fan el modo en que lo vivimos.<\/p>\n<p>Estamos en el primer domingo de cuaresma y la Iglesia nos invita a adentrarnos en el camino hacia la Pascua. Para muchos, este tiempo lit\u00fargico puede parecer \u201cm\u00e1s de lo mismo\u201d: rituales repetidos, palabras conocidas, gestos que se reiteran. \u00bfNo nos pasa que, por costumbre, entramos en la cuaresma sin preguntarnos qu\u00e9 espera Dios de nosotros? Sin preguntarnos \u00bfQu\u00e9 espero yo de Dios?.<\/p>\n<p>Vivimos en una sociedad que nos empuja a buscar comodidad y evitar los desaf\u00edos. En la vida de fe, esto se traduce en una zona de confort donde todo se vuelve rutina. La modorra espiritual es ese letargo que nos impide crecer, ese acostumbramiento que nos aleja del coraz\u00f3n vivo del Evangelio. Cuaresma es el momento para romper el molde, para dejar que el Esp\u00edritu nos sacuda y nos saque de esa tibieza.<\/p>\n<p>Hoy Jes\u00fas nos invita a entrar con \u00c9l al desierto y recordar las pruebas y tentaciones que experiment\u00f3, y el camino que tom\u00f3 para vencer: la Palabra de Dios. Miremos que en \u00c9l fuimos tentados, y con \u00c9l hemos vencido. Esas pruebas se hacen presentes en quienes sufren soledad, enfermedad, tristeza, tentaciones, dudas. Acompa\u00f1ar a Jes\u00fas significa estar cerca de los que luchan, de los que caen, de los que buscan sentido. Es vivir una comuni\u00f3n real, una experiencia profunda de empat\u00eda y solidaridad. All\u00ed, en el dolor ajeno, est\u00e1 Jes\u00fas esperando nuestro acompa\u00f1amiento y nuestra oraci\u00f3n. Recemos cotidianamente, unos por otros, \u201cno nos dejes caer en la tentaci\u00f3n\u201d.<\/p>\n<p>La fe no es solo adhesi\u00f3n a una doctrina, ni cumplimiento de normas. Es, ante todo, un encuentro con Jes\u00fas Vivo. Cada uno de nosotros est\u00e1 llamado a la amistad con \u00c9l, a dejarse mirar y transformar. Pero este encuentro no es solo personal; se vive tambi\u00e9n en comunidad. \u201cNuestras parroquias, familias, grupos eclesiales y comunidades religiosas est\u00e1n llamados a realizar en Cuaresma un camino compartido, en el que la escucha de la Palabra de Dios, as\u00ed como del clamor de los pobres y de la tierra, se convierta en forma de vida com\u00fan, y el ayuno sostenga un arrepentimiento real\u201d (Le\u00f3n XIV, Mensaje para la Cuaresma 2026).<\/p>\n<p>El Papa nos propone una forma concreta de ayuno para este tiempo. \u201cPor eso, me gustar\u00eda invitarles a una forma de abstinencia muy concreta y a menudo poco apreciada, es decir, la de abstenerse de utilizar palabras que afectan y lastiman a nuestro pr\u00f3jimo. Empecemos a desarmar el lenguaje, renunciando a las palabras hirientes, al juicio inmediato, a hablar mal de quienes est\u00e1n ausentes y no pueden defenderse, a las calumnias\u201d.<\/p>\n<p>No podemos vivir la cuaresma sin escuchar el clamor de los pobres, los enfermos, quienes est\u00e1n abandonados. Jes\u00fas mismo se identifica con los que sufren, los marginados, los que esperan en nosotros un gesto de amor y misericordia. Nuestra fe se vuelve aut\u00e9ntica cuando nos compromete, cuando nos lleva a salir al encuentro del que necesita una palabra, una mano, una mirada. Te propongo disponer en tu casa de un sobre o una caja peque\u00f1a para colocar all\u00ed el dinero que ahorres como fruto de tus privaciones, y al finalizar la cuaresma entregarlo a alguna obra de caridad cerca de tu casa.<\/p>\n<p>Cada a\u00f1o celebramos los misterios pascuales, pero nunca de la misma manera. Las circunstancias cambian, los desaf\u00edos son otros, las preguntas se renuevan. La cuaresma nos invita a vivir una experiencia de comuni\u00f3n, de compartir el camino con otros, de descubrir juntos el paso de Dios en nuestra vida. No es \u201cm\u00e1s de lo mismo\u201d.<\/p>\n<p>Que este a\u00f1o la cuaresma sea el tiempo de dejar que Dios nos sorprenda, nos transforme y nos conduzca a una Pascua verdaderamente renovada.<\/p>\n<p>&nbsp;<\/p>\n<p><iframe loading=\"lazy\" title=\"SAN JUAN MONSE\u00d1OR JORGE LOZANO \" width=\"800\" height=\"450\" src=\"https:\/\/www.youtube.com\/embed\/EHeQP5p639c?feature=oembed\" frameborder=\"0\" allow=\"accelerometer; autoplay; clipboard-write; encrypted-media; gyroscope; picture-in-picture; web-share\" referrerpolicy=\"strict-origin-when-cross-origin\" allowfullscreen><\/iframe><\/p>\n<p>&nbsp;<\/p>\n<p>&nbsp;<\/p>\n<p><img loading=\"lazy\" decoding=\"async\" class=\"alignnone size-full wp-image-61416\" src=\"https:\/\/vocesparalelas.com.ar\/sitio\/wp-content\/uploads\/2023\/07\/ARZOBISPADO-EDIFICIO.jpg\" alt=\"\" width=\"800\" height=\"600\" srcset=\"https:\/\/vocesparalelas.com.ar\/sitio\/wp-content\/uploads\/2023\/07\/ARZOBISPADO-EDIFICIO.jpg 800w, https:\/\/vocesparalelas.com.ar\/sitio\/wp-content\/uploads\/2023\/07\/ARZOBISPADO-EDIFICIO-300x225.jpg 300w, https:\/\/vocesparalelas.com.ar\/sitio\/wp-content\/uploads\/2023\/07\/ARZOBISPADO-EDIFICIO-768x576.jpg 768w\" sizes=\"auto, (max-width: 800px) 100vw, 800px\" \/><\/p>\n","protected":false},"excerpt":{"rendered":"<p>Por el Arzobispo de San Juan de Cuyo, Monse\u00f1or Jorge Eduardo Lozano Hace unos a\u00f1os, visitando una escuela secundaria, un<\/p>\n","protected":false},"author":3,"featured_media":81112,"comment_status":"closed","ping_status":"closed","sticky":false,"template":"","format":"standard","meta":{"_acf_changed":false,"_seopress_robots_primary_cat":"none","_seopress_titles_title":"","_seopress_titles_desc":"","_seopress_robots_index":"","colormag_page_container_layout":"default_layout","colormag_page_sidebar_layout":"default_layout","footnotes":""},"categories":[10,7],"tags":[],"class_list":["post-96982","post","type-post","status-publish","format-standard","has-post-thumbnail","hentry","category-opiniones","category-videos"],"acf":[],"_links":{"self":[{"href":"https:\/\/vocesparalelas.com.ar\/sitio\/wp-json\/wp\/v2\/posts\/96982","targetHints":{"allow":["GET"]}}],"collection":[{"href":"https:\/\/vocesparalelas.com.ar\/sitio\/wp-json\/wp\/v2\/posts"}],"about":[{"href":"https:\/\/vocesparalelas.com.ar\/sitio\/wp-json\/wp\/v2\/types\/post"}],"author":[{"embeddable":true,"href":"https:\/\/vocesparalelas.com.ar\/sitio\/wp-json\/wp\/v2\/users\/3"}],"replies":[{"embeddable":true,"href":"https:\/\/vocesparalelas.com.ar\/sitio\/wp-json\/wp\/v2\/comments?post=96982"}],"version-history":[{"count":1,"href":"https:\/\/vocesparalelas.com.ar\/sitio\/wp-json\/wp\/v2\/posts\/96982\/revisions"}],"predecessor-version":[{"id":96985,"href":"https:\/\/vocesparalelas.com.ar\/sitio\/wp-json\/wp\/v2\/posts\/96982\/revisions\/96985"}],"wp:featuredmedia":[{"embeddable":true,"href":"https:\/\/vocesparalelas.com.ar\/sitio\/wp-json\/wp\/v2\/media\/81112"}],"wp:attachment":[{"href":"https:\/\/vocesparalelas.com.ar\/sitio\/wp-json\/wp\/v2\/media?parent=96982"}],"wp:term":[{"taxonomy":"category","embeddable":true,"href":"https:\/\/vocesparalelas.com.ar\/sitio\/wp-json\/wp\/v2\/categories?post=96982"},{"taxonomy":"post_tag","embeddable":true,"href":"https:\/\/vocesparalelas.com.ar\/sitio\/wp-json\/wp\/v2\/tags?post=96982"}],"curies":[{"name":"wp","href":"https:\/\/api.w.org\/{rel}","templated":true}]}}