{"id":96960,"date":"2026-02-20T19:32:14","date_gmt":"2026-02-20T22:32:14","guid":{"rendered":"https:\/\/vocesparalelas.com.ar\/sitio\/?p=96960"},"modified":"2026-02-20T19:59:04","modified_gmt":"2026-02-20T22:59:04","slug":"multas-a-la-distribuidora-deficiencias-en-la-calidad-del-servicio-en-el-segundo-semestre-de-2025","status":"publish","type":"post","link":"https:\/\/vocesparalelas.com.ar\/sitio\/multas-a-la-distribuidora-deficiencias-en-la-calidad-del-servicio-en-el-segundo-semestre-de-2025\/","title":{"rendered":"Multas a la distribuidora. Deficiencias en la calidad del servicio en el segundo semestre de\u00a02025"},"content":{"rendered":"<p>En el marco de las tareas habituales de verificaci\u00f3n del cumplimiento de las disposiciones en Ley Provincial N\u00ba 524-A Marco Regulador de la Actividad Provincial, y de las obligaciones previstas en el Contrato de Concesi\u00f3n de Naturgy San Juan S.A., el E.P.R.E. ha culminado recientemente la primera etapa de la verificaci\u00f3n del nivel de calidad del servicio brindado por la concesionaria en el Segundo Semestre de 2025.<\/p>\n<p><span style=\"color: #ff6600;\"><strong>Dicho control se realiza a nivel de cada suministro individual, verific\u00e1ndose incumplimientos de la Distribuidora en:<\/strong><\/span><\/p>\n<ul>\n<li>Superar el umbral de contingencias permitido contractualmente en el segundo semestre de 2025 (cantidad de cortes del servicio).<\/li>\n<li>Superar la duraci\u00f3n acumulada de contingencias permitida contractualmente en el segundo semestre de 2025 (suma de la duraci\u00f3n de los cortes).<\/li>\n<li>Apartamiento de los niveles de tensi\u00f3n establecidos en el Contrato de Concesi\u00f3n (en suministros monof\u00e1sicos y trif\u00e1sicos).<\/li>\n<\/ul>\n<p>Las sanciones aplicadas imponen una obligaci\u00f3n econ\u00f3mica a la Distribuidora, que debe transferir \u00edntegramente los montos de las sanciones impuestas, como bonificaciones en las facturaciones de las personas usuarias, o al Fondo de Contenci\u00f3n Tarifaria Ley Provincial N\u00ba 739-A.<\/p>\n<p><img loading=\"lazy\" decoding=\"async\" class=\"alignnone size-full wp-image-96963\" src=\"https:\/\/vocesparalelas.com.ar\/sitio\/wp-content\/uploads\/2026\/02\/EPRE-CUADRO.png\" alt=\"\" width=\"800\" height=\"576\" srcset=\"https:\/\/vocesparalelas.com.ar\/sitio\/wp-content\/uploads\/2026\/02\/EPRE-CUADRO.png 800w, https:\/\/vocesparalelas.com.ar\/sitio\/wp-content\/uploads\/2026\/02\/EPRE-CUADRO-300x216.png 300w, https:\/\/vocesparalelas.com.ar\/sitio\/wp-content\/uploads\/2026\/02\/EPRE-CUADRO-768x553.png 768w\" sizes=\"auto, (max-width: 800px) 100vw, 800px\" \/><\/p>\n<p>El objetivo de la aplicaci\u00f3n de sanciones es orientar las inversiones de la Distribuidora hacia el beneficio de las personas usuarias, en el sentido de mejorar la calidad en la prestaci\u00f3n del servicio p\u00fablico de electricidad.<\/p>\n<p><img loading=\"lazy\" decoding=\"async\" class=\"alignnone size-full wp-image-85438\" src=\"https:\/\/vocesparalelas.com.ar\/sitio\/wp-content\/uploads\/2025\/04\/EPRE-FRENTE.jpg\" alt=\"\" width=\"800\" height=\"600\" srcset=\"https:\/\/vocesparalelas.com.ar\/sitio\/wp-content\/uploads\/2025\/04\/EPRE-FRENTE.jpg 800w, https:\/\/vocesparalelas.com.ar\/sitio\/wp-content\/uploads\/2025\/04\/EPRE-FRENTE-300x225.jpg 300w, https:\/\/vocesparalelas.com.ar\/sitio\/wp-content\/uploads\/2025\/04\/EPRE-FRENTE-768x576.jpg 768w\" sizes=\"auto, (max-width: 800px) 100vw, 800px\" \/><\/p>\n","protected":false},"excerpt":{"rendered":"<p>En el marco de las tareas habituales de verificaci\u00f3n del cumplimiento de las disposiciones en Ley Provincial N\u00ba 524-A Marco<\/p>\n","protected":false},"author":3,"featured_media":96964,"comment_status":"closed","ping_status":"closed","sticky":false,"template":"","format":"standard","meta":{"_acf_changed":false,"_seopress_robots_primary_cat":"none","_seopress_titles_title":"","_seopress_titles_desc":"","_seopress_robots_index":"","colormag_page_container_layout":"default_layout","colormag_page_sidebar_layout":"default_layout","footnotes":""},"categories":[1],"tags":[],"class_list":["post-96960","post","type-post","status-publish","format-standard","has-post-thumbnail","hentry","category-destacadas"],"acf":[],"_links":{"self":[{"href":"https:\/\/vocesparalelas.com.ar\/sitio\/wp-json\/wp\/v2\/posts\/96960","targetHints":{"allow":["GET"]}}],"collection":[{"href":"https:\/\/vocesparalelas.com.ar\/sitio\/wp-json\/wp\/v2\/posts"}],"about":[{"href":"https:\/\/vocesparalelas.com.ar\/sitio\/wp-json\/wp\/v2\/types\/post"}],"author":[{"embeddable":true,"href":"https:\/\/vocesparalelas.com.ar\/sitio\/wp-json\/wp\/v2\/users\/3"}],"replies":[{"embeddable":true,"href":"https:\/\/vocesparalelas.com.ar\/sitio\/wp-json\/wp\/v2\/comments?post=96960"}],"version-history":[{"count":1,"href":"https:\/\/vocesparalelas.com.ar\/sitio\/wp-json\/wp\/v2\/posts\/96960\/revisions"}],"predecessor-version":[{"id":96965,"href":"https:\/\/vocesparalelas.com.ar\/sitio\/wp-json\/wp\/v2\/posts\/96960\/revisions\/96965"}],"wp:featuredmedia":[{"embeddable":true,"href":"https:\/\/vocesparalelas.com.ar\/sitio\/wp-json\/wp\/v2\/media\/96964"}],"wp:attachment":[{"href":"https:\/\/vocesparalelas.com.ar\/sitio\/wp-json\/wp\/v2\/media?parent=96960"}],"wp:term":[{"taxonomy":"category","embeddable":true,"href":"https:\/\/vocesparalelas.com.ar\/sitio\/wp-json\/wp\/v2\/categories?post=96960"},{"taxonomy":"post_tag","embeddable":true,"href":"https:\/\/vocesparalelas.com.ar\/sitio\/wp-json\/wp\/v2\/tags?post=96960"}],"curies":[{"name":"wp","href":"https:\/\/api.w.org\/{rel}","templated":true}]}}