{"id":96955,"date":"2026-02-20T18:38:30","date_gmt":"2026-02-20T21:38:30","guid":{"rendered":"https:\/\/vocesparalelas.com.ar\/sitio\/?p=96955"},"modified":"2026-02-21T01:37:05","modified_gmt":"2026-02-21T04:37:05","slug":"primera-sesion-extraordinaria-2026-de-la-camara-de-diputados-de-san-juan","status":"publish","type":"post","link":"https:\/\/vocesparalelas.com.ar\/sitio\/primera-sesion-extraordinaria-2026-de-la-camara-de-diputados-de-san-juan\/","title":{"rendered":"Primera Sesi\u00f3n Extraordinaria 2026 de la C\u00e1mara de Diputados de San Juan"},"content":{"rendered":"<p dir=\"ltr\">El Viernes, 20 de Febrero, la Comisi\u00f3n Permanente de la C\u00e1mara de Diputados de San Juan defini\u00f3 los temas que integran el Orden del D\u00eda de la Primera Sesi\u00f3n Extraordinaria 2026, que se celebra el Martes, 24 de Febrero, a las 9:30 horas.<\/p>\n<p dir=\"ltr\">La reuni\u00f3n de Labor Parlamentaria se desarroll\u00f3 en el cuarto piso del edificio Anexo y fue presidida por el vicepresidente primero, diputado Dr. Enzo Cornejo.<\/p>\n<p dir=\"ltr\">Participaron adem\u00e1s el secretario Legislativo, Dr. Gustavo Velert, y los legisladores Dr. Juan de la Cruz C\u00f3rdoba, Alejandra Leonardo, Dra. Fernanda Paredes, Lic. Graciela Seva, Dr. Juan Carlos Quiroga Moyano, Emilio Escudero, Pedro Albagli, M\u00f3nica Gonz\u00e1lez, Marcela Monta\u00f1a, Gustavo Usin, Andr\u00e9s Castro y Dr. Federico Rizo.<\/p>\n<p dir=\"ltr\"><span style=\"color: #800080;\"><strong>Temas a tratar\u00a0<\/strong><\/span><\/p>\n<p dir=\"ltr\">Durante el encuentro se acord\u00f3 el tratamiento sobre tablas de dos comunicaciones oficiales remitidas por el Poder Ejecutivo, mediante las cuales se propone aprobar:<\/p>\n<ul>\n<li dir=\"ltr\" aria-level=\"1\">\n<p dir=\"ltr\" role=\"presentation\">La\u00a0Adenda al Convenio\u00a0suscripto entre la Direcci\u00f3n Nacional de Vialidad y el Ministerio de Infraestructura, Agua y Energ\u00eda de la Provincia,\u00a0destinada a la ejecuci\u00f3n de las siguientes obras:<\/p>\n<ul>\n<li dir=\"ltr\" aria-level=\"2\">\n<p dir=\"ltr\" role=\"presentation\">Intersecci\u00f3n de Ruta Nacional N\u00ba 20 y calle Gorriti, en el departamento Santa Luc\u00eda.<\/p>\n<\/li>\n<li dir=\"ltr\" aria-level=\"2\">\n<p dir=\"ltr\" role=\"presentation\">Intersecciones sobre Ruta Nacional N\u00ba 150 (departamento Iglesia) con:<\/p>\n<ol>\n<li dir=\"ltr\" aria-level=\"3\">\n<p dir=\"ltr\" role=\"presentation\">Calle Santa Luc\u00eda (calle Municipal).<\/p>\n<\/li>\n<li dir=\"ltr\" aria-level=\"3\">\n<p dir=\"ltr\" role=\"presentation\">Ruta Provincial N\u00ba 405 (ingreso oeste a Rodeo).<\/p>\n<\/li>\n<li dir=\"ltr\" aria-level=\"3\">\n<p dir=\"ltr\" role=\"presentation\">Ruta Provincial N\u00ba 418 (ingreso a la localidad de Pismanta).<\/p>\n<\/li>\n<li dir=\"ltr\" aria-level=\"3\">\n<p dir=\"ltr\" role=\"presentation\">Calle Paoli (Municipal).<\/p>\n<\/li>\n<\/ol>\n<\/li>\n<\/ul>\n<\/li>\n<\/ul>\n<ul>\n<li dir=\"ltr\" aria-level=\"1\">\n<p dir=\"ltr\" role=\"presentation\">El\u00a0Convenio Espec\u00edfico de Compensaci\u00f3n de Prestaciones, suscripto el 1 de diciembre de 2025 entre el Gobierno de la Provincia de San Juan, a trav\u00e9s de la Secretar\u00eda de Estado de Ambiente y Desarrollo Sustentable, y la Municipalidad de Rivadavia, en el marco del Convenio Provincia\u2013Municipios del Programa Estrat\u00e9gico de Gesti\u00f3n Integral de Residuos S\u00f3lidos Urbanos \u2013 Regi\u00f3n 1.<\/p>\n<\/li>\n<\/ul>\n<p dir=\"ltr\">Asimismo, se acord\u00f3 tratar un proyecto de Resoluci\u00f3n presentado por el Interbloque Cambia San Juan, mediante el cual se propone declarar de inter\u00e9s la competencia internacional Ironman 70.3, Ironman 5150 e Ironman, Full Distance.<\/p>\n<figure id=\"attachment_37951\" aria-describedby=\"caption-attachment-37951\" style=\"width: 800px\" class=\"wp-caption alignnone\"><img loading=\"lazy\" decoding=\"async\" class=\"size-full wp-image-37951\" src=\"https:\/\/vocesparalelas.com.ar\/sitio\/wp-content\/uploads\/2021\/05\/CAMARA-EDIFICIO.jpg\" alt=\"\" width=\"800\" height=\"515\" srcset=\"https:\/\/vocesparalelas.com.ar\/sitio\/wp-content\/uploads\/2021\/05\/CAMARA-EDIFICIO.jpg 800w, https:\/\/vocesparalelas.com.ar\/sitio\/wp-content\/uploads\/2021\/05\/CAMARA-EDIFICIO-300x193.jpg 300w, https:\/\/vocesparalelas.com.ar\/sitio\/wp-content\/uploads\/2021\/05\/CAMARA-EDIFICIO-768x494.jpg 768w\" sizes=\"auto, (max-width: 800px) 100vw, 800px\" \/><figcaption id=\"caption-attachment-37951\" class=\"wp-caption-text\">Legislatura Provincial de San Juan, Rep\u00fablica Argentina<\/figcaption><\/figure>\n","protected":false},"excerpt":{"rendered":"<p>El Viernes, 20 de Febrero, la Comisi\u00f3n Permanente de la C\u00e1mara de Diputados de San Juan defini\u00f3 los temas que<\/p>\n","protected":false},"author":3,"featured_media":96958,"comment_status":"closed","ping_status":"closed","sticky":false,"template":"","format":"standard","meta":{"_acf_changed":false,"_seopress_robots_primary_cat":"none","_seopress_titles_title":"","_seopress_titles_desc":"","_seopress_robots_index":"","colormag_page_container_layout":"default_layout","colormag_page_sidebar_layout":"default_layout","footnotes":""},"categories":[1],"tags":[],"class_list":["post-96955","post","type-post","status-publish","format-standard","has-post-thumbnail","hentry","category-destacadas"],"acf":[],"_links":{"self":[{"href":"https:\/\/vocesparalelas.com.ar\/sitio\/wp-json\/wp\/v2\/posts\/96955","targetHints":{"allow":["GET"]}}],"collection":[{"href":"https:\/\/vocesparalelas.com.ar\/sitio\/wp-json\/wp\/v2\/posts"}],"about":[{"href":"https:\/\/vocesparalelas.com.ar\/sitio\/wp-json\/wp\/v2\/types\/post"}],"author":[{"embeddable":true,"href":"https:\/\/vocesparalelas.com.ar\/sitio\/wp-json\/wp\/v2\/users\/3"}],"replies":[{"embeddable":true,"href":"https:\/\/vocesparalelas.com.ar\/sitio\/wp-json\/wp\/v2\/comments?post=96955"}],"version-history":[{"count":3,"href":"https:\/\/vocesparalelas.com.ar\/sitio\/wp-json\/wp\/v2\/posts\/96955\/revisions"}],"predecessor-version":[{"id":96977,"href":"https:\/\/vocesparalelas.com.ar\/sitio\/wp-json\/wp\/v2\/posts\/96955\/revisions\/96977"}],"wp:featuredmedia":[{"embeddable":true,"href":"https:\/\/vocesparalelas.com.ar\/sitio\/wp-json\/wp\/v2\/media\/96958"}],"wp:attachment":[{"href":"https:\/\/vocesparalelas.com.ar\/sitio\/wp-json\/wp\/v2\/media?parent=96955"}],"wp:term":[{"taxonomy":"category","embeddable":true,"href":"https:\/\/vocesparalelas.com.ar\/sitio\/wp-json\/wp\/v2\/categories?post=96955"},{"taxonomy":"post_tag","embeddable":true,"href":"https:\/\/vocesparalelas.com.ar\/sitio\/wp-json\/wp\/v2\/tags?post=96955"}],"curies":[{"name":"wp","href":"https:\/\/api.w.org\/{rel}","templated":true}]}}