{"id":96938,"date":"2026-02-20T16:39:11","date_gmt":"2026-02-20T19:39:11","guid":{"rendered":"https:\/\/vocesparalelas.com.ar\/sitio\/?p=96938"},"modified":"2026-02-23T22:04:31","modified_gmt":"2026-02-24T01:04:31","slug":"ofrecimientos-y-entrega-de-cargos-2026-para-los-docentes-de-san-juan","status":"publish","type":"post","link":"https:\/\/vocesparalelas.com.ar\/sitio\/ofrecimientos-y-entrega-de-cargos-2026-para-los-docentes-de-san-juan\/","title":{"rendered":"Ofrecimientos y entrega de cargos 2026 para los Docentes de San Juan"},"content":{"rendered":"<p>La Secretar\u00eda de Coordinaci\u00f3n Administrativa \u00a0del Ministerio de Educaci\u00f3n del Gobierno de San Juan, informa el Inicio de los ofrecimientos y entrega de cargos Interinos y\/o Suplentes de los escalafones de Nivel Inicial, Primario, Especialidades, Educaci\u00f3n Especial, Primario Adulto, capacitaci\u00f3n Laboral y Equipo M\u00f3vil Docente, los cuales<br \/>\nse realizan en las instalaciones del Sal\u00f3n de Actos del Instituto de Formaci\u00f3n Docente \u00abMargarita Ferr\u00e1 de Bartol\u00bb, Mendoza y 25 de Mayo- Capital, conforme al cronograma que se detalla a continuaci\u00f3n:<\/p>\n<p><span style=\"color: #ff6600;\"><strong>1. Cronograma de ofrecimiento y entrega de los cargos vigente a partir del 9 de Marzo de 2026:<\/strong><\/span><\/p>\n<p><strong><span style=\"color: #ff6600;\">LUGAR DE OFRECIMIENTO DE CARGOS: SAL\u00d3N DE ACTOS DEL INSTITUTO DE FORMACI\u00d3N DOCENTE \u00abMARGARITA FERR\u00c1 DE BARTOL\u00bb, CON DOMICILIO EN CALLE MENDOZA Y 25 DE MAYO -CAPITAL<\/span><\/strong><\/p>\n<p>&nbsp;<\/p>\n<p><img loading=\"lazy\" decoding=\"async\" class=\"alignnone size-large wp-image-12864\" src=\"https:\/\/vocesparalelas.com.ar\/sitio\/wp-content\/uploads\/2018\/06\/BARTOL-07-800x450.jpg\" alt=\"\" width=\"800\" height=\"450\" srcset=\"https:\/\/vocesparalelas.com.ar\/sitio\/wp-content\/uploads\/2018\/06\/BARTOL-07-800x450.jpg 800w, https:\/\/vocesparalelas.com.ar\/sitio\/wp-content\/uploads\/2018\/06\/BARTOL-07-300x169.jpg 300w, https:\/\/vocesparalelas.com.ar\/sitio\/wp-content\/uploads\/2018\/06\/BARTOL-07-768x432.jpg 768w, https:\/\/vocesparalelas.com.ar\/sitio\/wp-content\/uploads\/2018\/06\/BARTOL-07.jpg 1000w\" sizes=\"auto, (max-width: 800px) 100vw, 800px\" \/><\/p>\n<p><strong><span style=\"color: #ff6600;\">Horarios de los Actos de Ofrecimiento: se ofrecen los cargos seg\u00fan el siguiente detalle:<\/span><\/strong><\/p>\n<ul>\n<li>Cargos de Maestro de Nivel Inicial, Maestro de Grado y Maestro Adulto a las 8:30 hs.<\/li>\n<li>Lunes y Mi\u00e9rcoles a las 8:30 hs.\u00a0 Cargos de Educaci\u00f3n Especial.<\/li>\n<li>Martes y Jueves a las 8:30 hs Capacitaci\u00f3n Laboral.<\/li>\n<li>Especialidades a las 8:30 hs<\/li>\n<\/ul>\n<p><img loading=\"lazy\" decoding=\"async\" class=\"alignnone size-full wp-image-96941\" src=\"https:\/\/vocesparalelas.com.ar\/sitio\/wp-content\/uploads\/2026\/02\/LLAMADOS-01.jpg\" alt=\"\" width=\"800\" height=\"373\" srcset=\"https:\/\/vocesparalelas.com.ar\/sitio\/wp-content\/uploads\/2026\/02\/LLAMADOS-01.jpg 800w, https:\/\/vocesparalelas.com.ar\/sitio\/wp-content\/uploads\/2026\/02\/LLAMADOS-01-300x140.jpg 300w, https:\/\/vocesparalelas.com.ar\/sitio\/wp-content\/uploads\/2026\/02\/LLAMADOS-01-768x358.jpg 768w\" sizes=\"auto, (max-width: 800px) 100vw, 800px\" \/><\/p>\n<p><img loading=\"lazy\" decoding=\"async\" class=\"alignnone size-large wp-image-96942\" src=\"https:\/\/vocesparalelas.com.ar\/sitio\/wp-content\/uploads\/2026\/02\/LLAMADOS-02-745x800.jpg\" alt=\"\" width=\"745\" height=\"800\" srcset=\"https:\/\/vocesparalelas.com.ar\/sitio\/wp-content\/uploads\/2026\/02\/LLAMADOS-02-745x800.jpg 745w, https:\/\/vocesparalelas.com.ar\/sitio\/wp-content\/uploads\/2026\/02\/LLAMADOS-02-279x300.jpg 279w, https:\/\/vocesparalelas.com.ar\/sitio\/wp-content\/uploads\/2026\/02\/LLAMADOS-02-768x825.jpg 768w, https:\/\/vocesparalelas.com.ar\/sitio\/wp-content\/uploads\/2026\/02\/LLAMADOS-02.jpg 800w\" sizes=\"auto, (max-width: 745px) 100vw, 745px\" \/><\/p>\n<p>&nbsp;<\/p>\n<p><img loading=\"lazy\" decoding=\"async\" class=\"alignnone size-full wp-image-28629\" src=\"https:\/\/vocesparalelas.com.ar\/sitio\/wp-content\/uploads\/2020\/05\/MINISTERIO-EDUCACION-SJ.jpg\" alt=\"\" width=\"800\" height=\"533\" srcset=\"https:\/\/vocesparalelas.com.ar\/sitio\/wp-content\/uploads\/2020\/05\/MINISTERIO-EDUCACION-SJ.jpg 800w, https:\/\/vocesparalelas.com.ar\/sitio\/wp-content\/uploads\/2020\/05\/MINISTERIO-EDUCACION-SJ-300x200.jpg 300w, https:\/\/vocesparalelas.com.ar\/sitio\/wp-content\/uploads\/2020\/05\/MINISTERIO-EDUCACION-SJ-768x512.jpg 768w\" sizes=\"auto, (max-width: 800px) 100vw, 800px\" \/><\/p>\n","protected":false},"excerpt":{"rendered":"<p>La Secretar\u00eda de Coordinaci\u00f3n Administrativa \u00a0del Ministerio de Educaci\u00f3n del Gobierno de San Juan, informa el Inicio de los ofrecimientos<\/p>\n","protected":false},"author":3,"featured_media":35306,"comment_status":"closed","ping_status":"closed","sticky":false,"template":"","format":"standard","meta":{"_acf_changed":false,"_seopress_robots_primary_cat":"none","_seopress_titles_title":"","_seopress_titles_desc":"","_seopress_robots_index":"","colormag_page_container_layout":"default_layout","colormag_page_sidebar_layout":"default_layout","footnotes":""},"categories":[5],"tags":[],"class_list":["post-96938","post","type-post","status-publish","format-standard","has-post-thumbnail","hentry","category-ofrecimientos"],"acf":[],"_links":{"self":[{"href":"https:\/\/vocesparalelas.com.ar\/sitio\/wp-json\/wp\/v2\/posts\/96938","targetHints":{"allow":["GET"]}}],"collection":[{"href":"https:\/\/vocesparalelas.com.ar\/sitio\/wp-json\/wp\/v2\/posts"}],"about":[{"href":"https:\/\/vocesparalelas.com.ar\/sitio\/wp-json\/wp\/v2\/types\/post"}],"author":[{"embeddable":true,"href":"https:\/\/vocesparalelas.com.ar\/sitio\/wp-json\/wp\/v2\/users\/3"}],"replies":[{"embeddable":true,"href":"https:\/\/vocesparalelas.com.ar\/sitio\/wp-json\/wp\/v2\/comments?post=96938"}],"version-history":[{"count":2,"href":"https:\/\/vocesparalelas.com.ar\/sitio\/wp-json\/wp\/v2\/posts\/96938\/revisions"}],"predecessor-version":[{"id":96944,"href":"https:\/\/vocesparalelas.com.ar\/sitio\/wp-json\/wp\/v2\/posts\/96938\/revisions\/96944"}],"wp:featuredmedia":[{"embeddable":true,"href":"https:\/\/vocesparalelas.com.ar\/sitio\/wp-json\/wp\/v2\/media\/35306"}],"wp:attachment":[{"href":"https:\/\/vocesparalelas.com.ar\/sitio\/wp-json\/wp\/v2\/media?parent=96938"}],"wp:term":[{"taxonomy":"category","embeddable":true,"href":"https:\/\/vocesparalelas.com.ar\/sitio\/wp-json\/wp\/v2\/categories?post=96938"},{"taxonomy":"post_tag","embeddable":true,"href":"https:\/\/vocesparalelas.com.ar\/sitio\/wp-json\/wp\/v2\/tags?post=96938"}],"curies":[{"name":"wp","href":"https:\/\/api.w.org\/{rel}","templated":true}]}}