{"id":96932,"date":"2026-02-20T13:17:41","date_gmt":"2026-02-20T16:17:41","guid":{"rendered":"https:\/\/vocesparalelas.com.ar\/sitio\/?p=96932"},"modified":"2026-02-23T22:04:05","modified_gmt":"2026-02-24T01:04:05","slug":"cronograma-designaciones-de-docentes-2026-para-la-cubrir-horas-catedra-y-o-cargos-en-san-juan","status":"publish","type":"post","link":"https:\/\/vocesparalelas.com.ar\/sitio\/cronograma-designaciones-de-docentes-2026-para-la-cubrir-horas-catedra-y-o-cargos-en-san-juan\/","title":{"rendered":"Cronograma \u00abDesignaciones de Docentes 2026\u00bb para la cubrir Horas c\u00e1tedra y\/o Cargos en San Juan"},"content":{"rendered":"<p>La Secretar\u00eda de Educaci\u00f3n del Ministerio de Educaci\u00f3n del Gobierno de San Juan junto con la Direcci\u00f3n de \u00c1rea Administrativa informa el cronograma de inicio de designaciones para la cobertura de Horas c\u00e1tedra y\/o Cargos con car\u00e1cter Interinos y\/o Suplentes para el ciclo lectivo 2026, seg\u00fan Calendario Escolar 2026 &#8211; Res. N\u00b0 24565-ME-2025.<\/p>\n<p>A continuaci\u00f3n se procede a detallar las fechas a partir de las cuales se podr\u00e1n hacer las solicitudes de cobertura y designaciones de Interinos y\/o Suplentes para los distintos niveles y modalidades:<\/p>\n<p>&nbsp;<\/p>\n<table>\n<tbody>\n<tr>\n<td width=\"189\">&nbsp;<\/p>\n<p><strong>Pedido de cobertura de interinatos suplencias a partir de:<\/strong><\/p>\n<p>&nbsp;<\/td>\n<td width=\"189\"><strong>Las designaciones proceden a partir del:<\/strong><\/td>\n<td width=\"189\"><strong>Para instituciones educativas o institutos de<\/strong>:<\/td>\n<\/tr>\n<tr>\n<td width=\"189\">&nbsp;<\/p>\n<p>&nbsp;<\/p>\n<p>&nbsp;<\/p>\n<p>&nbsp;<\/p>\n<p>&nbsp;<\/p>\n<p>&nbsp;<\/p>\n<p>&nbsp;<\/p>\n<p>&nbsp;<\/p>\n<p>&nbsp;<\/p>\n<p>05\/03\/2026<\/p>\n<p>&nbsp;<\/p>\n<p>&nbsp;<\/td>\n<td width=\"189\">&nbsp;<\/p>\n<p>&nbsp;<\/p>\n<p>&nbsp;<\/p>\n<p>&nbsp;<\/p>\n<p>&nbsp;<\/p>\n<p>&nbsp;<\/p>\n<p>&nbsp;<\/p>\n<p>09\/03\/2026<\/td>\n<td width=\"189\">\n<ul>\n<li>Educaci\u00f3n Inicial<\/li>\n<li>Educaci\u00f3n Primaria<\/li>\n<li>Educaci\u00f3n (U.E.P.A.) Primaria para Adultos<\/li>\n<li>Educaci\u00f3n Especial<\/li>\n<li>Capacitaci\u00f3n Laboral<\/li>\n<li>Equipo M\u00f3vil<\/li>\n<\/ul>\n<p>&nbsp;<\/p>\n<p><strong>Aclaraci\u00f3n:<\/strong> el ofrecimiento y designaciones se realiza a trav\u00e9s de UGDA (s\u00f3lo para zonas alejadas) y\/o Comisi\u00f3n de Interinatos y Suplencias, seg\u00fan corresponda.<\/p>\n<p>&nbsp;<\/p>\n<ul>\n<li>Centros de Formaci\u00f3n Profesional.<\/li>\n<li>Gabinetes T\u00e9cnicos Interdisciplinarios de Educaci\u00f3n.<\/li>\n<\/ul>\n<\/td>\n<\/tr>\n<tr>\n<td width=\"189\">&nbsp;<\/p>\n<p>&nbsp;<\/p>\n<p>02\/03\/2026<\/p>\n<p>&nbsp;<\/p>\n<p>&nbsp;<\/td>\n<td width=\"189\">04\/03\/2026<\/td>\n<td width=\"189\">&nbsp;<\/p>\n<ul>\n<li>Educaci\u00f3n Secundaria<\/li>\n<li>Educaci\u00f3n Secundaria para Adultos<\/li>\n<li>Educaci\u00f3n Secundaria T\u00e9cnica, Agro t\u00e9cnica y Formaci\u00f3n Profesional Orientada y Art\u00edstica<\/li>\n<\/ul>\n<p>&nbsp;<\/td>\n<\/tr>\n<tr>\n<td width=\"189\">&nbsp;<\/p>\n<p>31\/03\/2026<\/p>\n<p>&nbsp;<\/td>\n<td width=\"189\">06\/04\/2026<\/td>\n<td width=\"189\">\n<ul>\n<li>Nivel Superior<\/li>\n<\/ul>\n<\/td>\n<\/tr>\n<\/tbody>\n<\/table>\n<p>&nbsp;<\/p>\n<p>Cabe destacar que el procedimiento de llamado y cobertura para las horas c\u00e1tedra y\/o cargos, se deber\u00e1 efectuar respetando el procedimiento de designaci\u00f3n seg\u00fan Resoluci\u00f3n 12401-ME-2016 y sus modificatorias Resoluci\u00f3n N\u00b0 0581-ME-2018, Resoluci\u00f3n N\u00b0 788-ME-2018 y Resoluci\u00f3n N\u00b0 3990-ME-2018.<\/p>\n<p>&nbsp;<\/p>\n<p><img loading=\"lazy\" decoding=\"async\" class=\"alignnone size-full wp-image-28629\" src=\"https:\/\/vocesparalelas.com.ar\/sitio\/wp-content\/uploads\/2020\/05\/MINISTERIO-EDUCACION-SJ.jpg\" alt=\"\" width=\"800\" height=\"533\" srcset=\"https:\/\/vocesparalelas.com.ar\/sitio\/wp-content\/uploads\/2020\/05\/MINISTERIO-EDUCACION-SJ.jpg 800w, https:\/\/vocesparalelas.com.ar\/sitio\/wp-content\/uploads\/2020\/05\/MINISTERIO-EDUCACION-SJ-300x200.jpg 300w, https:\/\/vocesparalelas.com.ar\/sitio\/wp-content\/uploads\/2020\/05\/MINISTERIO-EDUCACION-SJ-768x512.jpg 768w\" sizes=\"auto, (max-width: 800px) 100vw, 800px\" \/><\/p>\n","protected":false},"excerpt":{"rendered":"<p>La Secretar\u00eda de Educaci\u00f3n del Ministerio de Educaci\u00f3n del Gobierno de San Juan junto con la Direcci\u00f3n de \u00c1rea Administrativa<\/p>\n","protected":false},"author":3,"featured_media":18988,"comment_status":"closed","ping_status":"closed","sticky":false,"template":"","format":"standard","meta":{"_acf_changed":false,"_seopress_robots_primary_cat":"none","_seopress_titles_title":"","_seopress_titles_desc":"","_seopress_robots_index":"","colormag_page_container_layout":"default_layout","colormag_page_sidebar_layout":"default_layout","footnotes":""},"categories":[5],"tags":[],"class_list":["post-96932","post","type-post","status-publish","format-standard","has-post-thumbnail","hentry","category-ofrecimientos"],"acf":[],"_links":{"self":[{"href":"https:\/\/vocesparalelas.com.ar\/sitio\/wp-json\/wp\/v2\/posts\/96932","targetHints":{"allow":["GET"]}}],"collection":[{"href":"https:\/\/vocesparalelas.com.ar\/sitio\/wp-json\/wp\/v2\/posts"}],"about":[{"href":"https:\/\/vocesparalelas.com.ar\/sitio\/wp-json\/wp\/v2\/types\/post"}],"author":[{"embeddable":true,"href":"https:\/\/vocesparalelas.com.ar\/sitio\/wp-json\/wp\/v2\/users\/3"}],"replies":[{"embeddable":true,"href":"https:\/\/vocesparalelas.com.ar\/sitio\/wp-json\/wp\/v2\/comments?post=96932"}],"version-history":[{"count":3,"href":"https:\/\/vocesparalelas.com.ar\/sitio\/wp-json\/wp\/v2\/posts\/96932\/revisions"}],"predecessor-version":[{"id":96937,"href":"https:\/\/vocesparalelas.com.ar\/sitio\/wp-json\/wp\/v2\/posts\/96932\/revisions\/96937"}],"wp:featuredmedia":[{"embeddable":true,"href":"https:\/\/vocesparalelas.com.ar\/sitio\/wp-json\/wp\/v2\/media\/18988"}],"wp:attachment":[{"href":"https:\/\/vocesparalelas.com.ar\/sitio\/wp-json\/wp\/v2\/media?parent=96932"}],"wp:term":[{"taxonomy":"category","embeddable":true,"href":"https:\/\/vocesparalelas.com.ar\/sitio\/wp-json\/wp\/v2\/categories?post=96932"},{"taxonomy":"post_tag","embeddable":true,"href":"https:\/\/vocesparalelas.com.ar\/sitio\/wp-json\/wp\/v2\/tags?post=96932"}],"curies":[{"name":"wp","href":"https:\/\/api.w.org\/{rel}","templated":true}]}}