{"id":96915,"date":"2026-02-20T00:06:06","date_gmt":"2026-02-20T03:06:06","guid":{"rendered":"https:\/\/vocesparalelas.com.ar\/sitio\/?p=96915"},"modified":"2026-02-20T21:50:19","modified_gmt":"2026-02-21T00:50:19","slug":"ampliacion-de-la-linea-de-credito-cosecha-acarreo-y-elaboracion-2026-del-gobierno-de-san-juan","status":"publish","type":"post","link":"https:\/\/vocesparalelas.com.ar\/sitio\/ampliacion-de-la-linea-de-credito-cosecha-acarreo-y-elaboracion-2026-del-gobierno-de-san-juan\/","title":{"rendered":"Ampliaci\u00f3n de la l\u00ednea de cr\u00e9dito Cosecha, Acarreo y Elaboraci\u00f3n 2026 del Gobierno de San Juan"},"content":{"rendered":"<p>La Agencia Fiduciaria San Juan, del Ministerio de Producci\u00f3n, Trabajo e Innovaci\u00f3n del Gobierno de San Juan informa la ampliaci\u00f3n de la l\u00ednea de cr\u00e9dito para cosecha, acarreo y elaboraci\u00f3n de este a\u00f1o, destinada a peque\u00f1as y medianas bodegas trasladistas de la provincia.<\/p>\n<p>Por expresa indicaci\u00f3n del gobernador de San Juan, Dr.\u00a0 Marcelo Orrego, el Gobierno de la provincia, con fondos propios de la Agencia Fiduciaria San Juan, pone a disposici\u00f3n $4.000 millones adicionales a los $11.000 millones ya informados a fines de diciembre que marchan a muy buen ritmo de colocaci\u00f3n.<\/p>\n<p>Esto tiene por objetivo sostener un esquema que pone a disposici\u00f3n condiciones financieras espec\u00edficas, orientadas a fortalecer el ciclo productivo agroindustrial en general y vitivin\u00edcola en particular, brindando herramientas concretas para el sostenimiento de la actividad.<\/p>\n<p>Esta ampliaci\u00f3n surge de la reinversi\u00f3n en el sector vitivin\u00edcola de fondos que forman parten del fideicomiso de impulso a la producci\u00f3n y que, en gran medida, fueron utilizados y recuperados en el operativo de mosto del 2025.<br \/>\nMontos y destino del cr\u00e9dito<\/p>\n<p><span style=\"color: #ff6600;\"><strong>El financiamiento se divide en dos componentes obligatorios seg\u00fan el objeto del gasto:<\/strong><\/span><\/p>\n<p>El primer componente es el monto m\u00e1ximo. Este monto lo determina el Comit\u00e9 Ejecutivo seg\u00fan la capacidad de elaboraci\u00f3n y las garant\u00edas presentadas. Siendo de hasta $360 Millones por bodega solicitante.<\/p>\n<p>El otro componente, son los destinos financiables.<\/p>\n<ul>\n<li>Para el anticipo a los productores se estipul\u00f3 que, para cubrir los gastos de cosecha y acarreo de uvas de terceros, se financiar\u00e1 $60 por cada kilo de uva ingresada a bodega. Ac\u00e1 se estipula un m\u00e1ximo por productor de 500.000 kg.<\/li>\n<li>En tanto, sobre los gastos de elaboraci\u00f3n, para afrontar los costos propios de la bodega en la transformaci\u00f3n de esa uva en vino o mosto sulfitado, se financiar\u00e1 $70 por cada kilogramo de uva ingresada a bodega con un l\u00edmite de $3 Millones de kilos por bodega solicitante. Este monto es aplicable \u00fanicamente respecto de la uva para la cual se hubiere otorgado previamente el anticipo a productores en concepto de cosecha y acarreo.<\/li>\n<\/ul>\n<p><strong><span style=\"color: #ff6600;\">Condiciones financieras y plazos<\/span><\/strong><\/p>\n<p>El cr\u00e9dito tendr\u00e1 una tasa nominal del 40% de Badlar de los Bancos Privados, vigente a la fecha del acta de aprobaci\u00f3n. Lo cual al d\u00eda de hoy equivale aproximadamente el 13%.<br \/>\nEn tanto en los plazos y modalidad de devoluci\u00f3n, el esquema de devoluci\u00f3n es de corto plazo y se encuentra ajustado al ciclo productivo vitivin\u00edcola. El plazo total es de 12 meses, con un per\u00edodo de gracia de hasta 6 meses tanto para capital como para intereses.<\/p>\n<p>El pago de intereses podr\u00e1 hacerse en hasta 6 cuotas mensuales y consecutivas tras finalizar la gracia. La amortizaci\u00f3n de capital, tambi\u00e9n se ha fijado en hasta 6 cuotas mensuales y consecutivas tras finalizar la gracia.<\/p>\n<p>Con esta ampliaci\u00f3n, el Ministerio de Producci\u00f3n reafirma su compromiso con el sector vitivin\u00edcola sanjuanino, acompa\u00f1ando a las bodegas y a sus productores en una etapa clave del calendario productivo.<\/p>\n<p><img loading=\"lazy\" decoding=\"async\" class=\"alignnone size-full wp-image-65642\" src=\"https:\/\/vocesparalelas.com.ar\/sitio\/wp-content\/uploads\/2023\/11\/GOBIERNO-SAN-JUAN.jpg\" alt=\"\" width=\"800\" height=\"600\" srcset=\"https:\/\/vocesparalelas.com.ar\/sitio\/wp-content\/uploads\/2023\/11\/GOBIERNO-SAN-JUAN.jpg 800w, https:\/\/vocesparalelas.com.ar\/sitio\/wp-content\/uploads\/2023\/11\/GOBIERNO-SAN-JUAN-300x225.jpg 300w, https:\/\/vocesparalelas.com.ar\/sitio\/wp-content\/uploads\/2023\/11\/GOBIERNO-SAN-JUAN-768x576.jpg 768w\" sizes=\"auto, (max-width: 800px) 100vw, 800px\" \/><\/p>\n","protected":false},"excerpt":{"rendered":"<p>La Agencia Fiduciaria San Juan, del Ministerio de Producci\u00f3n, Trabajo e Innovaci\u00f3n del Gobierno de San Juan informa la ampliaci\u00f3n<\/p>\n","protected":false},"author":3,"featured_media":82341,"comment_status":"closed","ping_status":"closed","sticky":false,"template":"","format":"standard","meta":{"_acf_changed":false,"_seopress_robots_primary_cat":"none","_seopress_titles_title":"","_seopress_titles_desc":"","_seopress_robots_index":"","colormag_page_container_layout":"default_layout","colormag_page_sidebar_layout":"default_layout","footnotes":""},"categories":[2],"tags":[],"class_list":["post-96915","post","type-post","status-publish","format-standard","has-post-thumbnail","hentry","category-convocatorias"],"acf":[],"_links":{"self":[{"href":"https:\/\/vocesparalelas.com.ar\/sitio\/wp-json\/wp\/v2\/posts\/96915","targetHints":{"allow":["GET"]}}],"collection":[{"href":"https:\/\/vocesparalelas.com.ar\/sitio\/wp-json\/wp\/v2\/posts"}],"about":[{"href":"https:\/\/vocesparalelas.com.ar\/sitio\/wp-json\/wp\/v2\/types\/post"}],"author":[{"embeddable":true,"href":"https:\/\/vocesparalelas.com.ar\/sitio\/wp-json\/wp\/v2\/users\/3"}],"replies":[{"embeddable":true,"href":"https:\/\/vocesparalelas.com.ar\/sitio\/wp-json\/wp\/v2\/comments?post=96915"}],"version-history":[{"count":1,"href":"https:\/\/vocesparalelas.com.ar\/sitio\/wp-json\/wp\/v2\/posts\/96915\/revisions"}],"predecessor-version":[{"id":96918,"href":"https:\/\/vocesparalelas.com.ar\/sitio\/wp-json\/wp\/v2\/posts\/96915\/revisions\/96918"}],"wp:featuredmedia":[{"embeddable":true,"href":"https:\/\/vocesparalelas.com.ar\/sitio\/wp-json\/wp\/v2\/media\/82341"}],"wp:attachment":[{"href":"https:\/\/vocesparalelas.com.ar\/sitio\/wp-json\/wp\/v2\/media?parent=96915"}],"wp:term":[{"taxonomy":"category","embeddable":true,"href":"https:\/\/vocesparalelas.com.ar\/sitio\/wp-json\/wp\/v2\/categories?post=96915"},{"taxonomy":"post_tag","embeddable":true,"href":"https:\/\/vocesparalelas.com.ar\/sitio\/wp-json\/wp\/v2\/tags?post=96915"}],"curies":[{"name":"wp","href":"https:\/\/api.w.org\/{rel}","templated":true}]}}