{"id":96900,"date":"2026-02-19T17:54:43","date_gmt":"2026-02-19T20:54:43","guid":{"rendered":"https:\/\/vocesparalelas.com.ar\/sitio\/?p=96900"},"modified":"2026-02-19T17:54:43","modified_gmt":"2026-02-19T20:54:43","slug":"feria-agroproductiva-de-san-juan-20","status":"publish","type":"post","link":"https:\/\/vocesparalelas.com.ar\/sitio\/feria-agroproductiva-de-san-juan-20\/","title":{"rendered":"Feria Agroproductiva de San Juan"},"content":{"rendered":"<p>La edici\u00f3n prevista para la noche del 20 de Febrero en el Paseo de las Palmeras de la Feria Agroproductiva se realiza finalmente de 9:30 a 13:30 hs. en la Plaza Seca del Centro C\u00edvico. La medida busca garantizar la seguridad de productores y asistentes ante el pron\u00f3stico de lluvias.<\/p>\n<p>El evento ofrece una amplia variedad de productos regionales, reafirmando su rol como un espacio estrat\u00e9gico para promover el consumo local, fortalecer el v\u00ednculo directo entre productores y consumidores y dinamizar la econom\u00eda regional.<\/p>\n<p>Con cada edici\u00f3n, la feria se consolida como una plataforma clave para visibilizar el trabajo de emprendedores y productores sanjuaninos.<\/p>\n<p>Como novedad, los tradicionales sorteos ser\u00e1n reemplazados por una \u00abRuleta\u00bb de premios inmediatos para quienes realicen compras, en una propuesta que busca fortalecer el consumo local y dinamizar la econom\u00eda regional.<\/p>\n<p>La Feria Agroproductiva contin\u00faa posicion\u00e1ndose como una excelente oportunidad para adquirir productos sanjuaninos de calidad, a precios justos y directamente del productor, promoviendo adem\u00e1s pr\u00e1cticas de consumo responsable y sostenible.<\/p>\n<p><img loading=\"lazy\" decoding=\"async\" class=\"alignnone size-full wp-image-65642\" src=\"https:\/\/vocesparalelas.com.ar\/sitio\/wp-content\/uploads\/2023\/11\/GOBIERNO-SAN-JUAN.jpg\" alt=\"\" width=\"800\" height=\"600\" srcset=\"https:\/\/vocesparalelas.com.ar\/sitio\/wp-content\/uploads\/2023\/11\/GOBIERNO-SAN-JUAN.jpg 800w, https:\/\/vocesparalelas.com.ar\/sitio\/wp-content\/uploads\/2023\/11\/GOBIERNO-SAN-JUAN-300x225.jpg 300w, https:\/\/vocesparalelas.com.ar\/sitio\/wp-content\/uploads\/2023\/11\/GOBIERNO-SAN-JUAN-768x576.jpg 768w\" sizes=\"auto, (max-width: 800px) 100vw, 800px\" \/><\/p>\n","protected":false},"excerpt":{"rendered":"<p>La edici\u00f3n prevista para la noche del 20 de Febrero en el Paseo de las Palmeras de la Feria Agroproductiva<\/p>\n","protected":false},"author":3,"featured_media":89625,"comment_status":"closed","ping_status":"closed","sticky":false,"template":"","format":"standard","meta":{"_acf_changed":false,"_seopress_robots_primary_cat":"none","_seopress_titles_title":"","_seopress_titles_desc":"","_seopress_robots_index":"","colormag_page_container_layout":"default_layout","colormag_page_sidebar_layout":"default_layout","footnotes":""},"categories":[1],"tags":[],"class_list":["post-96900","post","type-post","status-publish","format-standard","has-post-thumbnail","hentry","category-destacadas"],"acf":[],"_links":{"self":[{"href":"https:\/\/vocesparalelas.com.ar\/sitio\/wp-json\/wp\/v2\/posts\/96900","targetHints":{"allow":["GET"]}}],"collection":[{"href":"https:\/\/vocesparalelas.com.ar\/sitio\/wp-json\/wp\/v2\/posts"}],"about":[{"href":"https:\/\/vocesparalelas.com.ar\/sitio\/wp-json\/wp\/v2\/types\/post"}],"author":[{"embeddable":true,"href":"https:\/\/vocesparalelas.com.ar\/sitio\/wp-json\/wp\/v2\/users\/3"}],"replies":[{"embeddable":true,"href":"https:\/\/vocesparalelas.com.ar\/sitio\/wp-json\/wp\/v2\/comments?post=96900"}],"version-history":[{"count":1,"href":"https:\/\/vocesparalelas.com.ar\/sitio\/wp-json\/wp\/v2\/posts\/96900\/revisions"}],"predecessor-version":[{"id":96903,"href":"https:\/\/vocesparalelas.com.ar\/sitio\/wp-json\/wp\/v2\/posts\/96900\/revisions\/96903"}],"wp:featuredmedia":[{"embeddable":true,"href":"https:\/\/vocesparalelas.com.ar\/sitio\/wp-json\/wp\/v2\/media\/89625"}],"wp:attachment":[{"href":"https:\/\/vocesparalelas.com.ar\/sitio\/wp-json\/wp\/v2\/media?parent=96900"}],"wp:term":[{"taxonomy":"category","embeddable":true,"href":"https:\/\/vocesparalelas.com.ar\/sitio\/wp-json\/wp\/v2\/categories?post=96900"},{"taxonomy":"post_tag","embeddable":true,"href":"https:\/\/vocesparalelas.com.ar\/sitio\/wp-json\/wp\/v2\/tags?post=96900"}],"curies":[{"name":"wp","href":"https:\/\/api.w.org\/{rel}","templated":true}]}}