{"id":96888,"date":"2026-02-19T14:13:54","date_gmt":"2026-02-19T17:13:54","guid":{"rendered":"https:\/\/vocesparalelas.com.ar\/sitio\/?p=96888"},"modified":"2026-02-19T14:18:31","modified_gmt":"2026-02-19T17:18:31","slug":"avanzan-las-obras-del-hospital-dr-guillermo-rawson-al-servicio-de-los-pacientes-de-san-juan","status":"publish","type":"post","link":"https:\/\/vocesparalelas.com.ar\/sitio\/avanzan-las-obras-del-hospital-dr-guillermo-rawson-al-servicio-de-los-pacientes-de-san-juan\/","title":{"rendered":"Avanzan las obras del Hospital Dr. Guillermo Rawson al servicio de los pacientes de San Juan"},"content":{"rendered":"<p>El gobernador de San Juan, Dr. Marcelo Orrego realiz\u00f3 una recorrida por el predio del Hospital Dr. Guillermo Rawson para supervisar personalmente los avances en la construcci\u00f3n del nuevo edificio destinado a consultorios externos.<\/p>\n<p>Durante la visita, el mandatario estuvo acompa\u00f1ado por el ministro de Infraestructura, Agua y Energ\u00eda, Arq.\u00a0 Fernando Perea, con quien analiz\u00f3 el desarrollo de las tareas que permitir\u00e1n optimizar la atenci\u00f3n ambulatoria de los sanjuaninos. Tambi\u00e9n estuvo el ministro de Salud, Dr. Amilcar Dobladez y autoridades del hospital.<\/p>\n<p><img loading=\"lazy\" decoding=\"async\" class=\"alignnone size-full wp-image-96894\" src=\"https:\/\/vocesparalelas.com.ar\/sitio\/wp-content\/uploads\/2026\/02\/MARCELO-OBRA-02.jpg\" alt=\"\" width=\"800\" height=\"485\" srcset=\"https:\/\/vocesparalelas.com.ar\/sitio\/wp-content\/uploads\/2026\/02\/MARCELO-OBRA-02.jpg 800w, https:\/\/vocesparalelas.com.ar\/sitio\/wp-content\/uploads\/2026\/02\/MARCELO-OBRA-02-300x182.jpg 300w, https:\/\/vocesparalelas.com.ar\/sitio\/wp-content\/uploads\/2026\/02\/MARCELO-OBRA-02-768x466.jpg 768w\" sizes=\"auto, (max-width: 800px) 100vw, 800px\" \/><\/p>\n<p>Los trabajos presentan un \u00f3ptimo ritmo de ejecuci\u00f3n, destac\u00e1ndose el uso de tecnolog\u00edas constructivas modernas que aseguran eficiencia y durabilidad. Se estima que esta valiosa Infraestructura est\u00e9 terminada finalizando el primer trimestre de 2027.<\/p>\n<p>Este ambicioso proyecto de infraestructura sanitaria se est\u00e1 llevando adelante con fondos \u00edntegramente provinciales, lo que garantiza la continuidad de las tareas.<\/p>\n<p><iframe loading=\"lazy\" title=\"Orrego recorri\u00f3 las obras de los nuevos Consultorios Externos del Hospital G. Rawson\" width=\"800\" height=\"450\" src=\"https:\/\/www.youtube.com\/embed\/Tdq1GGRt2XU?feature=oembed\" frameborder=\"0\" allow=\"accelerometer; autoplay; clipboard-write; encrypted-media; gyroscope; picture-in-picture; web-share\" referrerpolicy=\"strict-origin-when-cross-origin\" allowfullscreen><\/iframe><\/p>\n<p>Durante la recorrida, el director del Hospital Dr. Guillermo Rawson, Dr. Juan Pablo Gempel explic\u00f3 que \u00abes una obra muy necesaria de modernizaci\u00f3n y actualizaci\u00f3n que el hospital requer\u00eda para mejorar la atenci\u00f3n de nuestros pacientes. Es importante recordar que por estos consultorios pasan alrededor de 300.000 pacientes al a\u00f1o, y esta intervenci\u00f3n nos permitir\u00e1 ofrecerles, tanto a ellos como a los m\u00e9dicos que los atienden, espacios m\u00e1s adecuados\u00bb.<\/p>\n<p>\u00abAdem\u00e1s de la modernizaci\u00f3n, se incorpora un \u00e1rea de simulaci\u00f3n que ser\u00e1 muy relevante a nivel nacional, ya que existen muy pocas en el pa\u00eds, y que resultar\u00e1 clave para las formaciones preprofesionales. A esto se suma una dinamoteca, una biblioteca y un nuevo sal\u00f3n de usos m\u00faltiples destinado a la actividad cient\u00edfica\u201d &#8211; sintetiz\u00f3 el Dr. Juan Pablo Gempel.<\/p>\n<p><img loading=\"lazy\" decoding=\"async\" class=\"alignnone size-full wp-image-96895\" src=\"https:\/\/vocesparalelas.com.ar\/sitio\/wp-content\/uploads\/2026\/02\/MARCELO-OBRA-03.jpg\" alt=\"\" width=\"800\" height=\"465\" srcset=\"https:\/\/vocesparalelas.com.ar\/sitio\/wp-content\/uploads\/2026\/02\/MARCELO-OBRA-03.jpg 800w, https:\/\/vocesparalelas.com.ar\/sitio\/wp-content\/uploads\/2026\/02\/MARCELO-OBRA-03-300x174.jpg 300w, https:\/\/vocesparalelas.com.ar\/sitio\/wp-content\/uploads\/2026\/02\/MARCELO-OBRA-03-768x446.jpg 768w\" sizes=\"auto, (max-width: 800px) 100vw, 800px\" \/><\/p>\n<p><strong><span style=\"color: #ff6600;\">Un edificio de vanguardia<\/span><\/strong><\/p>\n<p>El proyecto consiste en la creaci\u00f3n de una infraestructura civil de gran envergadura que se ubica en la manzana delimitada por la Avenida Rawson y las calles General Paz, Santa Fe y Estados Unidos.<\/p>\n<p>La obra civil comprende la edificaci\u00f3n de una superficie total de 6.445 metros cuadrados, la cual se organiza funcionalmente en tres bloques diferenciados que albergar\u00e1n las \u00e1reas de Pediatr\u00eda, Adultos y un sector de Confiter\u00eda para los usuarios.<\/p>\n<p>En cuanto a su aspecto constructivo, el edificio emplea una estructura met\u00e1lica con cerramientos livianos y cubiertas de paneles t\u00e9rmicos para favorecer la climatizaci\u00f3n.<\/p>\n<p>El dise\u00f1o contempla terminaciones de alta calidad como revestimientos exteriores con tecnolog\u00eda Screenpanel y acabados tipo acero corten, mientras que en el interior se instalan paneles ac\u00fasticos fonoabsorbentes en el Sal\u00f3n de Usos M\u00faltiples y carpinter\u00edas de aluminio con vidrios de seguridad para resguardar la integridad de los pacientes y el personal.<\/p>\n<p>Las instalaciones sanitarias, el\u00e9ctricas y de seguridad se ejecutan bajo estrictas reglamentaciones para asegurar el funcionamiento \u00f3ptimo de este nuevo polo de salud.<\/p>\n<p><iframe loading=\"lazy\" title=\"SAN JUAN SALUD HOSPITAL DR GUILLERMO RAWSON\" width=\"800\" height=\"450\" src=\"https:\/\/www.youtube.com\/embed\/-5lTFL-R3vc?feature=oembed\" frameborder=\"0\" allow=\"accelerometer; autoplay; clipboard-write; encrypted-media; gyroscope; picture-in-picture; web-share\" referrerpolicy=\"strict-origin-when-cross-origin\" allowfullscreen><\/iframe><\/p>\n<p>&nbsp;<\/p>\n<p><img loading=\"lazy\" decoding=\"async\" class=\"alignnone size-full wp-image-27493\" src=\"https:\/\/vocesparalelas.com.ar\/sitio\/wp-content\/uploads\/2020\/04\/HOSPITAL-RAWSON-10.jpg\" alt=\"\" width=\"800\" height=\"533\" srcset=\"https:\/\/vocesparalelas.com.ar\/sitio\/wp-content\/uploads\/2020\/04\/HOSPITAL-RAWSON-10.jpg 800w, https:\/\/vocesparalelas.com.ar\/sitio\/wp-content\/uploads\/2020\/04\/HOSPITAL-RAWSON-10-300x200.jpg 300w, https:\/\/vocesparalelas.com.ar\/sitio\/wp-content\/uploads\/2020\/04\/HOSPITAL-RAWSON-10-768x512.jpg 768w\" sizes=\"auto, (max-width: 800px) 100vw, 800px\" \/><\/p>\n<p>&nbsp;<\/p>\n","protected":false},"excerpt":{"rendered":"<p>El gobernador de San Juan, Dr. Marcelo Orrego realiz\u00f3 una recorrida por el predio del Hospital Dr. Guillermo Rawson para<\/p>\n","protected":false},"author":3,"featured_media":96893,"comment_status":"closed","ping_status":"closed","sticky":false,"template":"","format":"standard","meta":{"_acf_changed":false,"_seopress_robots_primary_cat":"none","_seopress_titles_title":"","_seopress_titles_desc":"","_seopress_robots_index":"","colormag_page_container_layout":"default_layout","colormag_page_sidebar_layout":"default_layout","footnotes":""},"categories":[1,7],"tags":[],"class_list":["post-96888","post","type-post","status-publish","format-standard","has-post-thumbnail","hentry","category-destacadas","category-videos"],"acf":[],"_links":{"self":[{"href":"https:\/\/vocesparalelas.com.ar\/sitio\/wp-json\/wp\/v2\/posts\/96888","targetHints":{"allow":["GET"]}}],"collection":[{"href":"https:\/\/vocesparalelas.com.ar\/sitio\/wp-json\/wp\/v2\/posts"}],"about":[{"href":"https:\/\/vocesparalelas.com.ar\/sitio\/wp-json\/wp\/v2\/types\/post"}],"author":[{"embeddable":true,"href":"https:\/\/vocesparalelas.com.ar\/sitio\/wp-json\/wp\/v2\/users\/3"}],"replies":[{"embeddable":true,"href":"https:\/\/vocesparalelas.com.ar\/sitio\/wp-json\/wp\/v2\/comments?post=96888"}],"version-history":[{"count":4,"href":"https:\/\/vocesparalelas.com.ar\/sitio\/wp-json\/wp\/v2\/posts\/96888\/revisions"}],"predecessor-version":[{"id":96899,"href":"https:\/\/vocesparalelas.com.ar\/sitio\/wp-json\/wp\/v2\/posts\/96888\/revisions\/96899"}],"wp:featuredmedia":[{"embeddable":true,"href":"https:\/\/vocesparalelas.com.ar\/sitio\/wp-json\/wp\/v2\/media\/96893"}],"wp:attachment":[{"href":"https:\/\/vocesparalelas.com.ar\/sitio\/wp-json\/wp\/v2\/media?parent=96888"}],"wp:term":[{"taxonomy":"category","embeddable":true,"href":"https:\/\/vocesparalelas.com.ar\/sitio\/wp-json\/wp\/v2\/categories?post=96888"},{"taxonomy":"post_tag","embeddable":true,"href":"https:\/\/vocesparalelas.com.ar\/sitio\/wp-json\/wp\/v2\/tags?post=96888"}],"curies":[{"name":"wp","href":"https:\/\/api.w.org\/{rel}","templated":true}]}}