{"id":96873,"date":"2026-02-18T21:50:55","date_gmt":"2026-02-19T00:50:55","guid":{"rendered":"https:\/\/vocesparalelas.com.ar\/sitio\/?p=96873"},"modified":"2026-02-19T00:51:14","modified_gmt":"2026-02-19T03:51:14","slug":"jornada-camino-y-cuido-mi-bosque-en-el-departamento-valle-fertil-de-san-juan-2","status":"publish","type":"post","link":"https:\/\/vocesparalelas.com.ar\/sitio\/jornada-camino-y-cuido-mi-bosque-en-el-departamento-valle-fertil-de-san-juan-2\/","title":{"rendered":"Jornada \u201cCamino y cuido mi bosque\u201d en el Departamento Valle F\u00e9rtil de San Juan"},"content":{"rendered":"<div class=\"itemImageBlock\">\n<div class=\"clr\">La Secretar\u00eda de Ambiente y Desarrollo Sustentable del Gobierno de San Juan desarroll\u00f3 en el departamento <span class=\"hover:entity-accent entity-underline inline cursor-pointer align-baseline\"><span class=\"whitespace-normal\">Valle F\u00e9rtil<\/span><\/span>\u00a0se desarroll\u00f3 la actividad \u201cCamino y cuido mi bosque\u201d, una propuesta que integr\u00f3 recreaci\u00f3n, formaci\u00f3n ambiental y trabajo comunitario con el objetivo de fortalecer la conservaci\u00f3n de los bosques nativos.<\/div>\n<\/div>\n<div class=\"itemFullText\">\n<p data-start=\"548\" data-end=\"987\">La jornada fue impulsada por la Direcci\u00f3n de Bosques Nativos, la Direcci\u00f3n de Conservaci\u00f3n y cont\u00f3 con la participaci\u00f3n de la Secretar\u00eda de Deportes, los Scouts de Santa Luc\u00eda y el Parque Provincial Ischigualasto, convoc\u00f3 a m\u00e1s de 60 personas, entre scout e integrantes de Comunidad Activa que recorrieron senderos interpretativos en la zona del r\u00edo Valle F\u00e9rtil y el sector del dique San Agust\u00edn. Durante el trayecto, se brind\u00f3 informaci\u00f3n t\u00e9cnica sobre la importancia ecol\u00f3gica del bosque nativo, las especies representativas del monte y las principales amenazas que enfrentan estos ecosistemas.<\/p>\n<p data-start=\"989\" data-end=\"1320\">Adem\u00e1s del abordaje educativo, los participantes realizaron tareas de limpieza en el \u00e1rea intervenida. Como resultado, se logr\u00f3 retirar un cami\u00f3n de menor porte y tres camionetas repletas de residuos, evidenciando tanto la problem\u00e1tica de la disposici\u00f3n inadecuada de desechos como el compromiso ciudadano con el cuidado ambiental.<\/p>\n<p data-start=\"1322\" data-end=\"1546\">La propuesta combin\u00f3 senderismo interpretativo con pr\u00e1cticas responsables en entornos naturales, promoviendo la correcta gesti\u00f3n de residuos, la prevenci\u00f3n de incendios forestales y el respeto por la flora y fauna silvestre, as\u00ed como sobre las principales amenazas que enfrentan estos ecosistemas y el uso sustentable de los mismos, como la producci\u00f3n de harina de algarroba y miel.<\/p>\n<p>Los diferentes grupos que participaron de esta primera Jornada de senderismo y concientizaci\u00f3n ambiental manifestaron su compromiso para incorporar y aplicar lo aprendido en futuras actividades al aire libre y en la Gruta de Lourdes sitio religioso al que pertenecen, fortaleciendo as\u00ed la cultura de respeto por los entornos naturales, a fin de fomentar una participaci\u00f3n activa de la comunidad en la protecci\u00f3n del patrimonio natural de San Juan.<\/p>\n<\/div>\n<p data-start=\"1322\" data-end=\"1546\"><img loading=\"lazy\" decoding=\"async\" class=\"alignnone size-large wp-image-18375\" src=\"https:\/\/vocesparalelas.com.ar\/sitio\/wp-content\/uploads\/2019\/01\/AMBIENTE-CARTEL-800x496.jpg\" alt=\"\" width=\"800\" height=\"496\" srcset=\"https:\/\/vocesparalelas.com.ar\/sitio\/wp-content\/uploads\/2019\/01\/AMBIENTE-CARTEL-800x496.jpg 800w, https:\/\/vocesparalelas.com.ar\/sitio\/wp-content\/uploads\/2019\/01\/AMBIENTE-CARTEL-300x186.jpg 300w, https:\/\/vocesparalelas.com.ar\/sitio\/wp-content\/uploads\/2019\/01\/AMBIENTE-CARTEL-768x476.jpg 768w, https:\/\/vocesparalelas.com.ar\/sitio\/wp-content\/uploads\/2019\/01\/AMBIENTE-CARTEL.jpg 1000w\" sizes=\"auto, (max-width: 800px) 100vw, 800px\" \/><\/p>\n","protected":false},"excerpt":{"rendered":"<p>La Secretar\u00eda de Ambiente y Desarrollo Sustentable del Gobierno de San Juan desarroll\u00f3 en el departamento Valle F\u00e9rtil\u00a0se desarroll\u00f3 la<\/p>\n","protected":false},"author":3,"featured_media":96876,"comment_status":"closed","ping_status":"closed","sticky":false,"template":"","format":"standard","meta":{"_acf_changed":false,"_seopress_robots_primary_cat":"none","_seopress_titles_title":"","_seopress_titles_desc":"","_seopress_robots_index":"","colormag_page_container_layout":"default_layout","colormag_page_sidebar_layout":"default_layout","footnotes":""},"categories":[1],"tags":[],"class_list":["post-96873","post","type-post","status-publish","format-standard","has-post-thumbnail","hentry","category-destacadas"],"acf":[],"_links":{"self":[{"href":"https:\/\/vocesparalelas.com.ar\/sitio\/wp-json\/wp\/v2\/posts\/96873","targetHints":{"allow":["GET"]}}],"collection":[{"href":"https:\/\/vocesparalelas.com.ar\/sitio\/wp-json\/wp\/v2\/posts"}],"about":[{"href":"https:\/\/vocesparalelas.com.ar\/sitio\/wp-json\/wp\/v2\/types\/post"}],"author":[{"embeddable":true,"href":"https:\/\/vocesparalelas.com.ar\/sitio\/wp-json\/wp\/v2\/users\/3"}],"replies":[{"embeddable":true,"href":"https:\/\/vocesparalelas.com.ar\/sitio\/wp-json\/wp\/v2\/comments?post=96873"}],"version-history":[{"count":2,"href":"https:\/\/vocesparalelas.com.ar\/sitio\/wp-json\/wp\/v2\/posts\/96873\/revisions"}],"predecessor-version":[{"id":96878,"href":"https:\/\/vocesparalelas.com.ar\/sitio\/wp-json\/wp\/v2\/posts\/96873\/revisions\/96878"}],"wp:featuredmedia":[{"embeddable":true,"href":"https:\/\/vocesparalelas.com.ar\/sitio\/wp-json\/wp\/v2\/media\/96876"}],"wp:attachment":[{"href":"https:\/\/vocesparalelas.com.ar\/sitio\/wp-json\/wp\/v2\/media?parent=96873"}],"wp:term":[{"taxonomy":"category","embeddable":true,"href":"https:\/\/vocesparalelas.com.ar\/sitio\/wp-json\/wp\/v2\/categories?post=96873"},{"taxonomy":"post_tag","embeddable":true,"href":"https:\/\/vocesparalelas.com.ar\/sitio\/wp-json\/wp\/v2\/tags?post=96873"}],"curies":[{"name":"wp","href":"https:\/\/api.w.org\/{rel}","templated":true}]}}