{"id":96857,"date":"2026-02-18T20:25:54","date_gmt":"2026-02-18T23:25:54","guid":{"rendered":"https:\/\/vocesparalelas.com.ar\/sitio\/?p=96857"},"modified":"2026-02-19T21:37:52","modified_gmt":"2026-02-20T00:37:52","slug":"entrar-en-cuaresma-meditacion-para-el-miercoles-de-ceniza-peregrinos-en-el-desierto-de-la-esperanza","status":"publish","type":"post","link":"https:\/\/vocesparalelas.com.ar\/sitio\/entrar-en-cuaresma-meditacion-para-el-miercoles-de-ceniza-peregrinos-en-el-desierto-de-la-esperanza\/","title":{"rendered":"Entrar en Cuaresma: Meditaci\u00f3n para el Mi\u00e9rcoles de Ceniza Peregrinos en el desierto de la esperanza"},"content":{"rendered":"<p>Por el Arzobispo de San Juan de Cuyo, Monse\u00f1or Jorge Lozano<\/p>\n<p>Hoy, Mi\u00e9rcoles de Ceniza, iniciamos un viaje interior: la Cuaresma es una invitaci\u00f3n a levantarse y salir de la zona de confort, a dejar la mediocridad y el pecado, y a responder al llamado profundo de Dios a la conversi\u00f3n. Comienza un tiempo nuevo, una oportunidad para renovarnos y crecer en esperanza.<\/p>\n<p>La imagen del desierto acompa\u00f1a este tiempo. No es un lugar vac\u00edo ni est\u00e9ril: en el desierto Dios habla al coraz\u00f3n, y por eso entramos llevando s\u00f3lo lo imprescindible, dejando atr\u00e1s las cargas que nos atan. All\u00ed aprendemos a distinguir lo esencial de lo superfluo, a cuidarnos de espejismos que desv\u00edan nuestras fuerzas y de \u201caguas contaminadas\u201d que<br \/>\nprometen saciar, pero nos dejan vac\u00edos y enfermos. El desierto no es huida, sino escuela: all\u00ed la fe se purifica, experimentamos el despojo, y descubrimos lo que significa caminar ligeros y libres, sostenidos por la promesa de Dios.<\/p>\n<p>Estos 40 d\u00edas son una peregrinaci\u00f3n hacia la Pascua. As\u00ed como el pueblo de Israel cruz\u00f3 el desierto, tambi\u00e9n nosotros somos \u201cPeregrinos de Esperanza\u201d, llamados a celebrar con fuerzas renovadas los misterios centrales de nuestra fe. Aprovechemos este tiempo para retomar lo vivido en el jubileo, recordando que no caminamos solos, sino en comunidad.<\/p>\n<p>La ceniza sobre nuestras cabezas es un signo fuerte: nos recuerda la fragilidad y lo pasajero de la vida \u2014\u201cRecuerda que eres polvo y al polvo volver\u00e1s\u201d\u2014, pero tambi\u00e9n que somos tierra y agua, barro en las manos del Alfarero, llamados a dejarnos moldear por Dios y a ser agua viva para quienes nos rodean. En este d\u00eda resuena la Palabra: \u00abConvi\u00e9rtanse y crean en el Evangelio\u00bb. No es s\u00f3lo un llamado a cambiar actitudes externas, sino a transformar el coraz\u00f3n. \u00bfQu\u00e9 necesitas dejar caer, como el polvo de las cenizas, para ser libre y abierto al amor? \u00bfQu\u00e9 rincones de tu vida necesitan luz, perd\u00f3n, sanaci\u00f3n?.<\/p>\n<p>Te invito a buscar un espacio de silencio. Cerr\u00e1 los ojos por un instante y respir\u00e1 hondo. Sent\u00ed el peso liviano de las cenizas, signo de humildad, sobre tu frente o sobre tu coraz\u00f3n. Dej\u00e1 que ese gesto despierte en vos el deseo de volver a Dios, dejando atr\u00e1s lo superfluo, lo que aleja, lo que duele.<\/p>\n<p><strong><span style=\"color: #008000;\">La Palabra ilumina el camino<\/span><\/strong><\/p>\n<p>Isa\u00edas 58, 6-12 nos muestra el ayuno que agrada a Dios: abrir el coraz\u00f3n al pobre, aliviar al enfermo, compartir con quien pasa hambre o est\u00e1 en prisi\u00f3n. El verdadero culto es la solidaridad. El Evangelio que se proclama hoy en las<br \/>\nmisas (Mateo 6, 1-6.16-18) nos recuerda que el Padre ve en lo secreto; nos invita a vivir la fe con interioridad y sobriedad, sin ostentaci\u00f3n, buscando s\u00f3lo la mirada amorosa de Dios.<\/p>\n<p><strong><span style=\"color: #008000;\">Tres caminos: ayuno, oraci\u00f3n y limosna<\/span><\/strong><\/p>\n<p>La Cuaresma nos ofrece tres sendas concretas para renovar nuestra vida: el ayuno, que nos ayuda a desprendernos de lo que nos esclaviza, o no es necesario; la oraci\u00f3n, como di\u00e1logo sincero con Dios que transforma el coraz\u00f3n; y la limosna, como gesto de amor y justicia hacia quienes necesitan nuestro apoyo. No se trata solo de pr\u00e1cticas externas, sino de caminos para abrirnos a una transformaci\u00f3n interior y a la solidaridad.<\/p>\n<p>No basta con privaciones externas; la verdadera conversi\u00f3n se expresa en la reconciliaci\u00f3n, el perd\u00f3n y la caridad activa.<\/p>\n<p>\u00bfC\u00f3mo hacer de este tiempo una oportunidad real de cambio personal y comunitario? Te propongo dedicar cada d\u00eda un momento concreto a la Palabra de Dios, dejar que resuene y gu\u00ede tus decisiones. Que la Cuaresma no pase de largo, sino que transforme tu modo de mirar y servir.<\/p>\n<p><strong><span style=\"color: #008000;\">Compromiso: preparar un tesoro para los pobres<\/span><\/strong><\/p>\n<p>Busc\u00e1 realizar un gesto concreto: tom\u00e1 una cajita o un sobre, y guard\u00e1 all\u00ed lo que ahorres de tus privaciones personales o familiares durante la Cuaresma. Al finalizar, entregalo a una obra de caridad o a alguien que lo necesite. As\u00ed, tu ayuno y tu sacrificio se convertir\u00e1n en esperanza para otras personas.<\/p>\n<p>Que esta Cuaresma sea un viaje de renovaci\u00f3n, sencillez y solidaridad, donde caminemos ligeros, libres y atentos a la voz de Dios. Que, al llegar a la Pascua, podamos celebrar la vida nueva con el coraz\u00f3n transformado y las manos abiertas a la esperanza.<\/p>\n<p><strong><span style=\"color: #008000;\">Oraci\u00f3n final<\/span><\/strong><\/p>\n<p>Se\u00f1or, acomp\u00e1\u00f1ame en este camino de Cuaresma. Dame humildad para reconocer mis errores, fortaleza para cambiar, generosidad para compartir y fe para confiar en tu misericordia que todo lo renueva. Que tu Esp\u00edritu me gu\u00ede hacia la alegr\u00eda de la Resurrecci\u00f3n. Am\u00e9n.<\/p>\n<p><span style=\"color: #008000;\"><strong>Para seguir meditando<\/strong><\/span><\/p>\n<p><span style=\"color: #008000;\"><strong>Dilexi te<\/strong><\/span><\/p>\n<p>\u201cMuchos otros Padres de la Iglesia, tanto orientales como occidentales, se pronunciaron sobre la primac\u00eda de la atenci\u00f3n a los pobres en la vida y misi\u00f3n de cada fiel cristiano. Sobre este aspecto, en resumen, se puede afirmar que la teolog\u00eda patr\u00edstica fue pr\u00e1ctica, apuntando a una Iglesia pobre y para los pobres, recordando que el Evangelio s\u00f3lo se anuncia bien cuando llega a tocar la carne de los \u00faltimos, y advirtiendo que el rigor doctrinal sin misericordia es una palabra vac\u00eda\u201d. (DT 48)<\/p>\n<p><strong><span style=\"color: #008000;\">Texto de San Juan de la Cruz<\/span><\/strong><\/p>\n<p>Eso que pretendes y lo que m\u00e1s deseas no lo hallar\u00e1s por esa v\u00eda tuya ni por la alta contemplaci\u00f3n, si no en la mucha humildad y rendimiento de coraz\u00f3n. (Juan de la +. Dichos de luz y amor 39)<\/p>\n<p>Ha de advertir el cristiano que el valor de sus buenas obras, ayunos, limosnas, penitencias, oraciones, etc., que no se funda tanto en la cantidad y cualidad de ellas, sino en el amor de Dios que lleva en ellas. (Juan de la +. 3 Subida 27, 5)<\/p>\n<p><iframe loading=\"lazy\" title=\"SAN JUAN CUARESMA MONSE\u00d1OR JORGE LOZANO \" width=\"800\" height=\"450\" src=\"https:\/\/www.youtube.com\/embed\/nPY3y-LUgTM?feature=oembed\" frameborder=\"0\" allow=\"accelerometer; autoplay; clipboard-write; encrypted-media; gyroscope; picture-in-picture; web-share\" referrerpolicy=\"strict-origin-when-cross-origin\" allowfullscreen><\/iframe><\/p>\n<p><img loading=\"lazy\" decoding=\"async\" class=\"alignnone size-full wp-image-61416\" src=\"https:\/\/vocesparalelas.com.ar\/sitio\/wp-content\/uploads\/2023\/07\/ARZOBISPADO-EDIFICIO.jpg\" alt=\"\" width=\"800\" height=\"600\" srcset=\"https:\/\/vocesparalelas.com.ar\/sitio\/wp-content\/uploads\/2023\/07\/ARZOBISPADO-EDIFICIO.jpg 800w, https:\/\/vocesparalelas.com.ar\/sitio\/wp-content\/uploads\/2023\/07\/ARZOBISPADO-EDIFICIO-300x225.jpg 300w, https:\/\/vocesparalelas.com.ar\/sitio\/wp-content\/uploads\/2023\/07\/ARZOBISPADO-EDIFICIO-768x576.jpg 768w\" sizes=\"auto, (max-width: 800px) 100vw, 800px\" \/><\/p>\n","protected":false},"excerpt":{"rendered":"<p>Por el Arzobispo de San Juan de Cuyo, Monse\u00f1or Jorge Lozano Hoy, Mi\u00e9rcoles de Ceniza, iniciamos un viaje interior: la<\/p>\n","protected":false},"author":3,"featured_media":96814,"comment_status":"closed","ping_status":"closed","sticky":false,"template":"","format":"standard","meta":{"_acf_changed":false,"_seopress_robots_primary_cat":"none","_seopress_titles_title":"","_seopress_titles_desc":"","_seopress_robots_index":"","colormag_page_container_layout":"default_layout","colormag_page_sidebar_layout":"default_layout","footnotes":""},"categories":[10,7],"tags":[],"class_list":["post-96857","post","type-post","status-publish","format-standard","has-post-thumbnail","hentry","category-opiniones","category-videos"],"acf":[],"_links":{"self":[{"href":"https:\/\/vocesparalelas.com.ar\/sitio\/wp-json\/wp\/v2\/posts\/96857","targetHints":{"allow":["GET"]}}],"collection":[{"href":"https:\/\/vocesparalelas.com.ar\/sitio\/wp-json\/wp\/v2\/posts"}],"about":[{"href":"https:\/\/vocesparalelas.com.ar\/sitio\/wp-json\/wp\/v2\/types\/post"}],"author":[{"embeddable":true,"href":"https:\/\/vocesparalelas.com.ar\/sitio\/wp-json\/wp\/v2\/users\/3"}],"replies":[{"embeddable":true,"href":"https:\/\/vocesparalelas.com.ar\/sitio\/wp-json\/wp\/v2\/comments?post=96857"}],"version-history":[{"count":1,"href":"https:\/\/vocesparalelas.com.ar\/sitio\/wp-json\/wp\/v2\/posts\/96857\/revisions"}],"predecessor-version":[{"id":96860,"href":"https:\/\/vocesparalelas.com.ar\/sitio\/wp-json\/wp\/v2\/posts\/96857\/revisions\/96860"}],"wp:featuredmedia":[{"embeddable":true,"href":"https:\/\/vocesparalelas.com.ar\/sitio\/wp-json\/wp\/v2\/media\/96814"}],"wp:attachment":[{"href":"https:\/\/vocesparalelas.com.ar\/sitio\/wp-json\/wp\/v2\/media?parent=96857"}],"wp:term":[{"taxonomy":"category","embeddable":true,"href":"https:\/\/vocesparalelas.com.ar\/sitio\/wp-json\/wp\/v2\/categories?post=96857"},{"taxonomy":"post_tag","embeddable":true,"href":"https:\/\/vocesparalelas.com.ar\/sitio\/wp-json\/wp\/v2\/tags?post=96857"}],"curies":[{"name":"wp","href":"https:\/\/api.w.org\/{rel}","templated":true}]}}