{"id":96851,"date":"2026-02-27T20:14:10","date_gmt":"2026-02-27T23:14:10","guid":{"rendered":"https:\/\/vocesparalelas.com.ar\/sitio\/?p=96851"},"modified":"2026-02-28T00:12:10","modified_gmt":"2026-02-28T03:12:10","slug":"disfruta-en-familia-rivadavia-en-colores-2026","status":"publish","type":"post","link":"https:\/\/vocesparalelas.com.ar\/sitio\/disfruta-en-familia-rivadavia-en-colores-2026\/","title":{"rendered":"Disfruta en familia \u00abRivadavia en Colores 2026\u00bb"},"content":{"rendered":"<p>El intendente de la Municipalidad de la Ciudad de Rivadavia, Sergio Miodowsky presidi\u00f3 a presentaci\u00f3n de la Fiesta Rivadavia en Colores 2026 y anunci\u00f3 oficialmente los artistas de esta nueva edici\u00f3n.<\/p>\n<p>Estuvo acompa\u00f1ado por los diputados provinciales Lic. Mar\u00eda Rita Lascano y el Dr. Juan de la Cruz C\u00f3rdoba, adem\u00e1s de funcionarios y empleados municipales. Durante el encuentro con los medios de comunicaci\u00f3n, Miodowsky destac\u00f3 el crecimiento sostenido de la fiesta y la consolidaci\u00f3n del evento como un espacio de encuentro para las familias, los j\u00f3venes y los emprendedores locales.<\/p>\n<p>La celebraci\u00f3n se realiza el S\u00e1bado, 28 de Febrero, en el Parque de Rivadavia, desde las 19:30 horas, con entrada libre y gratuita. El intendente invit\u00f3 especialmente a los vecinos a participar de una noche con m\u00fasica en vivo y m\u00faltiples propuestas para la familia.<\/p>\n<p><iframe loading=\"lazy\" title=\"RIVADAVIA INTENDENTE SERGIO MIODOWSKY \" width=\"800\" height=\"450\" src=\"https:\/\/www.youtube.com\/embed\/aEJpqnTVGog?feature=oembed\" frameborder=\"0\" allow=\"accelerometer; autoplay; clipboard-write; encrypted-media; gyroscope; picture-in-picture; web-share\" referrerpolicy=\"strict-origin-when-cross-origin\" allowfullscreen><\/iframe><\/p>\n<p>En el escenario principal se presentar\u00e1n DesaKTa2 y Destino San Javier, conformando una grilla art\u00edstica variada que combina distintos estilos y promete convocar a p\u00fablicos de todas las edades. Los Videla y La Joda ser\u00e1n los n\u00fameros locales para esa jornada.<\/p>\n<p><iframe loading=\"lazy\" title=\"RIVADAVIA EN COLORES 2026\" width=\"800\" height=\"450\" src=\"https:\/\/www.youtube.com\/embed\/PnPGdlJsFrY?feature=oembed\" frameborder=\"0\" allow=\"accelerometer; autoplay; clipboard-write; encrypted-media; gyroscope; picture-in-picture; web-share\" referrerpolicy=\"strict-origin-when-cross-origin\" allowfullscreen><\/iframe><\/p>\n<p>Adem\u00e1s de los espect\u00e1culos musicales, la fiesta contar\u00e1 con un espacio para food trucks y una feria de emprendedores, brindando oportunidades a productores y comerciantes del departamento.<\/p>\n<p><img loading=\"lazy\" decoding=\"async\" class=\"alignnone size-full wp-image-83215\" src=\"https:\/\/vocesparalelas.com.ar\/sitio\/wp-content\/uploads\/2025\/02\/RIVADAVIA-COLORES.jpg\" alt=\"\" width=\"800\" height=\"469\" srcset=\"https:\/\/vocesparalelas.com.ar\/sitio\/wp-content\/uploads\/2025\/02\/RIVADAVIA-COLORES.jpg 800w, https:\/\/vocesparalelas.com.ar\/sitio\/wp-content\/uploads\/2025\/02\/RIVADAVIA-COLORES-300x176.jpg 300w, https:\/\/vocesparalelas.com.ar\/sitio\/wp-content\/uploads\/2025\/02\/RIVADAVIA-COLORES-768x450.jpg 768w\" sizes=\"auto, (max-width: 800px) 100vw, 800px\" \/><\/p>\n<p><img loading=\"lazy\" decoding=\"async\" class=\"alignnone size-full wp-image-96825\" src=\"https:\/\/vocesparalelas.com.ar\/sitio\/wp-content\/uploads\/2026\/02\/RIVADAVIA-LOO-2026.jpg\" alt=\"\" width=\"800\" height=\"498\" srcset=\"https:\/\/vocesparalelas.com.ar\/sitio\/wp-content\/uploads\/2026\/02\/RIVADAVIA-LOO-2026.jpg 800w, https:\/\/vocesparalelas.com.ar\/sitio\/wp-content\/uploads\/2026\/02\/RIVADAVIA-LOO-2026-300x187.jpg 300w, https:\/\/vocesparalelas.com.ar\/sitio\/wp-content\/uploads\/2026\/02\/RIVADAVIA-LOO-2026-768x478.jpg 768w\" sizes=\"auto, (max-width: 800px) 100vw, 800px\" \/><\/p>\n","protected":false},"excerpt":{"rendered":"<p>El intendente de la Municipalidad de la Ciudad de Rivadavia, Sergio Miodowsky presidi\u00f3 a presentaci\u00f3n de la Fiesta Rivadavia en<\/p>\n","protected":false},"author":3,"featured_media":96855,"comment_status":"closed","ping_status":"closed","sticky":false,"template":"","format":"standard","meta":{"_acf_changed":false,"_seopress_robots_primary_cat":"none","_seopress_titles_title":"","_seopress_titles_desc":"","_seopress_robots_index":"","colormag_page_container_layout":"default_layout","colormag_page_sidebar_layout":"default_layout","footnotes":""},"categories":[1,7],"tags":[],"class_list":["post-96851","post","type-post","status-publish","format-standard","has-post-thumbnail","hentry","category-destacadas","category-videos"],"acf":[],"_links":{"self":[{"href":"https:\/\/vocesparalelas.com.ar\/sitio\/wp-json\/wp\/v2\/posts\/96851","targetHints":{"allow":["GET"]}}],"collection":[{"href":"https:\/\/vocesparalelas.com.ar\/sitio\/wp-json\/wp\/v2\/posts"}],"about":[{"href":"https:\/\/vocesparalelas.com.ar\/sitio\/wp-json\/wp\/v2\/types\/post"}],"author":[{"embeddable":true,"href":"https:\/\/vocesparalelas.com.ar\/sitio\/wp-json\/wp\/v2\/users\/3"}],"replies":[{"embeddable":true,"href":"https:\/\/vocesparalelas.com.ar\/sitio\/wp-json\/wp\/v2\/comments?post=96851"}],"version-history":[{"count":2,"href":"https:\/\/vocesparalelas.com.ar\/sitio\/wp-json\/wp\/v2\/posts\/96851\/revisions"}],"predecessor-version":[{"id":96861,"href":"https:\/\/vocesparalelas.com.ar\/sitio\/wp-json\/wp\/v2\/posts\/96851\/revisions\/96861"}],"wp:featuredmedia":[{"embeddable":true,"href":"https:\/\/vocesparalelas.com.ar\/sitio\/wp-json\/wp\/v2\/media\/96855"}],"wp:attachment":[{"href":"https:\/\/vocesparalelas.com.ar\/sitio\/wp-json\/wp\/v2\/media?parent=96851"}],"wp:term":[{"taxonomy":"category","embeddable":true,"href":"https:\/\/vocesparalelas.com.ar\/sitio\/wp-json\/wp\/v2\/categories?post=96851"},{"taxonomy":"post_tag","embeddable":true,"href":"https:\/\/vocesparalelas.com.ar\/sitio\/wp-json\/wp\/v2\/tags?post=96851"}],"curies":[{"name":"wp","href":"https:\/\/api.w.org\/{rel}","templated":true}]}}