{"id":96847,"date":"2026-02-18T19:40:28","date_gmt":"2026-02-18T22:40:28","guid":{"rendered":"https:\/\/vocesparalelas.com.ar\/sitio\/?p=96847"},"modified":"2026-02-18T19:41:51","modified_gmt":"2026-02-18T22:41:51","slug":"uta-ratifica-su-compromiso-historico-con-la-defensa-del-salario-el-empleo-y-los-derechos-laborales-en-argentina","status":"publish","type":"post","link":"https:\/\/vocesparalelas.com.ar\/sitio\/uta-ratifica-su-compromiso-historico-con-la-defensa-del-salario-el-empleo-y-los-derechos-laborales-en-argentina\/","title":{"rendered":"UTA ratifica su compromiso hist\u00f3rico con la defensa del salario, el empleo y los derechos laborales en Argentina"},"content":{"rendered":"<p>La Uni\u00f3n Tranviarios Automotor informa a sus afiliados, trabajadores del transporte y a la sociedad en su conjunto que ha resuelto adherir al paro general convocado, en defensa de los derechos laborales, cercenados por la pretendida reforma laboral, el Jueves, 19 de Febrero.<\/p>\n<p>Esta decisi\u00f3n se fundamenta no solo por los t\u00e9rminos de la ley, sino por la situaci\u00f3n que atraviesan los trabajadores, marcada por la sostenida ca\u00edda del salario real, la p\u00e9rdida del poder adquisitivo y el deterioro del empleo en el conjunto de la actividad.<\/p>\n<p>El escenario actual evidencia que los trabajadores est\u00e1n soportando el mayor peso del ajuste econ\u00f3mico, con ingresos que no acompa\u00f1an el aumento del costo de vida y con crecientes riesgos sobre la estabilidad laboral, lo que exige una respuesta gremial clara, firme y representativa.<\/p>\n<p>La UTA considera que, frente a este contexto, el paro constituye una medida leg\u00edtima de defensa colectiva ante pol\u00edticas que afectan directamente la dignidad del trabajo, la estabilidad del empleo y la sustentabilidad de la actividad del transporte.<\/p>\n<p>Asimismo, reafirmamos que esta medida no responde a intereses sectoriales ni coyunturales, sino a la necesidad de expresar el reclamo de miles de trabajadores que ven deteriorarse d\u00eda a d\u00eda sus condiciones de vida.<\/p>\n<p>La UTA ratifica su compromiso hist\u00f3rico con la defensa del salario, el empleo y los derechos laborales, y convoca a los trabajadores a acompa\u00f1ar esta medida de fuerza en todo el territorio Nacional, para corta, media, larga distancia, combi y subterr\u00e1neo, con responsabilidad, unidad y conciencia, en resguardo del presente y del futuro de la actividad. Saludo a Ud. atentamente.<\/p>\n<p style=\"text-align: right;\">ROBERTO FERNANDEZ<\/p>\n<p style=\"text-align: right;\">Secretario General<\/p>\n<p style=\"text-align: right;\">Uni\u00f3n Tranviarios Automotor (UTA)<\/p>\n<p>&nbsp;<\/p>\n<p><img loading=\"lazy\" decoding=\"async\" class=\"alignnone size-full wp-image-59582\" src=\"https:\/\/vocesparalelas.com.ar\/sitio\/wp-content\/uploads\/2023\/05\/UTA-LOGO-ARGENTINA-01.jpg\" alt=\"\" width=\"800\" height=\"445\" srcset=\"https:\/\/vocesparalelas.com.ar\/sitio\/wp-content\/uploads\/2023\/05\/UTA-LOGO-ARGENTINA-01.jpg 800w, https:\/\/vocesparalelas.com.ar\/sitio\/wp-content\/uploads\/2023\/05\/UTA-LOGO-ARGENTINA-01-300x167.jpg 300w, https:\/\/vocesparalelas.com.ar\/sitio\/wp-content\/uploads\/2023\/05\/UTA-LOGO-ARGENTINA-01-768x427.jpg 768w\" sizes=\"auto, (max-width: 800px) 100vw, 800px\" \/><\/p>\n","protected":false},"excerpt":{"rendered":"<p>La Uni\u00f3n Tranviarios Automotor informa a sus afiliados, trabajadores del transporte y a la sociedad en su conjunto que ha<\/p>\n","protected":false},"author":3,"featured_media":48168,"comment_status":"closed","ping_status":"closed","sticky":false,"template":"","format":"standard","meta":{"_acf_changed":false,"_seopress_robots_primary_cat":"none","_seopress_titles_title":"","_seopress_titles_desc":"","_seopress_robots_index":"","colormag_page_container_layout":"default_layout","colormag_page_sidebar_layout":"default_layout","footnotes":""},"categories":[1],"tags":[],"class_list":["post-96847","post","type-post","status-publish","format-standard","has-post-thumbnail","hentry","category-destacadas"],"acf":[],"_links":{"self":[{"href":"https:\/\/vocesparalelas.com.ar\/sitio\/wp-json\/wp\/v2\/posts\/96847","targetHints":{"allow":["GET"]}}],"collection":[{"href":"https:\/\/vocesparalelas.com.ar\/sitio\/wp-json\/wp\/v2\/posts"}],"about":[{"href":"https:\/\/vocesparalelas.com.ar\/sitio\/wp-json\/wp\/v2\/types\/post"}],"author":[{"embeddable":true,"href":"https:\/\/vocesparalelas.com.ar\/sitio\/wp-json\/wp\/v2\/users\/3"}],"replies":[{"embeddable":true,"href":"https:\/\/vocesparalelas.com.ar\/sitio\/wp-json\/wp\/v2\/comments?post=96847"}],"version-history":[{"count":1,"href":"https:\/\/vocesparalelas.com.ar\/sitio\/wp-json\/wp\/v2\/posts\/96847\/revisions"}],"predecessor-version":[{"id":96850,"href":"https:\/\/vocesparalelas.com.ar\/sitio\/wp-json\/wp\/v2\/posts\/96847\/revisions\/96850"}],"wp:featuredmedia":[{"embeddable":true,"href":"https:\/\/vocesparalelas.com.ar\/sitio\/wp-json\/wp\/v2\/media\/48168"}],"wp:attachment":[{"href":"https:\/\/vocesparalelas.com.ar\/sitio\/wp-json\/wp\/v2\/media?parent=96847"}],"wp:term":[{"taxonomy":"category","embeddable":true,"href":"https:\/\/vocesparalelas.com.ar\/sitio\/wp-json\/wp\/v2\/categories?post=96847"},{"taxonomy":"post_tag","embeddable":true,"href":"https:\/\/vocesparalelas.com.ar\/sitio\/wp-json\/wp\/v2\/tags?post=96847"}],"curies":[{"name":"wp","href":"https:\/\/api.w.org\/{rel}","templated":true}]}}