{"id":96843,"date":"2026-02-18T18:29:55","date_gmt":"2026-02-18T21:29:55","guid":{"rendered":"https:\/\/vocesparalelas.com.ar\/sitio\/?p=96843"},"modified":"2026-02-18T18:29:55","modified_gmt":"2026-02-18T21:29:55","slug":"paro-nacional-en-argentina-contra-la-reforma-laboral","status":"publish","type":"post","link":"https:\/\/vocesparalelas.com.ar\/sitio\/paro-nacional-en-argentina-contra-la-reforma-laboral\/","title":{"rendered":"Paro Nacional en Argentina contra la Reforma Laboral"},"content":{"rendered":"<p>El Jueves, 19 de Febrero de 2026, la Confederaci\u00f3n General del Trabajo\u2013 CGT \u2013\u00a0 organiz\u00f3 un Paro Nacional en Argentina contra la Reforma Laboral y varios Gremios \u00a0adhieren<b>,<\/b> por lo que la medida de fuerza impacta en distintos sectores del pa\u00eds.\u00a0La protesta dura 24 horas sin movilizaci\u00f3n por partes la CGT pero algunos sindicatos llamaron a marchar hacia el Congreso.<\/p>\n<p>El comunicado afirma que \u00abLa Confederaci\u00f3n General del Trabajo llama a un paro nacional de actividades a partir de las 00:00 hasta las 24:00 horas, para el d\u00eda de ma\u00f1ana, jueves 19 de febrero, en se\u00f1al de protesta y reclamo por la actual situaci\u00f3n socioecon\u00f3mica que se est\u00e1 atravesando y en absoluto rechazo al proyecto de ley denominado de \u00abmodernizaci\u00f3n laboral\u00bb, impulsado por el Gobierno nacional, que va a tratarse en la C\u00e1mara de Diputados de la Naci\u00f3n y que, de ser sancionado, agravar\u00e1 todos los problemas del trabajo en la Argentina, de hoy y del futuro. Profundizar\u00e1 la precariedad laboral y degradar\u00e1 la calidad de vida, eliminando derechos individuales y colectivos consagrados por la Constituci\u00f3n Nacional, en el contexto de una gigantesca transferencia de recursos desde los sectores m\u00e1s vulnerables hacia los m\u00e1s concentrados de la econom\u00eda\u00bb.<\/p>\n<p>\u00abEn los dos a\u00f1os de gesti\u00f3n de este gobierno (2024-26), se perdieron unos 120.000 puestos privados, unos 80.000 p\u00fablicos y bajaron en 25.000 los empleados en casas particulares. Idilio financiero e infierno productivo que est\u00e1 agravando la crisis, destruyendo el tejido industrial, con desocupaci\u00f3n creciente, grave caida del consumo y alarmantes aumentos del endeudamiento familiar y estatal\u00bb.<\/p>\n<p>\u00abSin embargo, los graves problemas de pobreza, desempleo, precarizaci\u00f3n y deterioro de la situaci\u00f3n social no son derivados de las leyes que rigen el universo laboral, sino que son consecuencias directas de la falta de crecimiento y de inversi\u00f3n productiva en las pol\u00edticas econ\u00f3micas (macro y micro) nacionales llevadas adelante\u00bb.<\/p>\n<p>\u00abLas y los trabajadores, que a trav\u00e9s de nuestras organizaciones sindicales actualizamos permanentemente nuestros Convenios Colectivos, estamos abiertos a una verdadera modernizaci\u00f3n laboral: aquella en la que el Estado y las y los dirigentes, en sus diversas actividades y representaciones, respetando los derechos adquiridos, integren la riqueza de nuestro capital humano con la indispensable adaptaci\u00f3n tecnol\u00f3gica y educativa, vincul\u00e1ndola virtuosamente con los recursos naturales, hacia un proyecto de pa\u00eds con mejor horizonte de desarrollo personal, familiar y comunitario, en un equilibrado camino de progreso y crecimiento social\u00bb.<\/p>\n<p>\u00abComo bien nos se\u00f1alaba el Papa Francisco, no hay libertad sin justicia social. Y no es un simple juego de palabras: el dilema es un ser humano al servicio de la econom\u00eda (de los grandes capitales) o una economia al servicio de los seres humanos\u00bb.<\/p>\n<p><img loading=\"lazy\" decoding=\"async\" class=\"alignnone size-full wp-image-58195\" src=\"https:\/\/vocesparalelas.com.ar\/sitio\/wp-content\/uploads\/2023\/04\/CGT-FRENTE.jpg\" alt=\"\" width=\"800\" height=\"533\" srcset=\"https:\/\/vocesparalelas.com.ar\/sitio\/wp-content\/uploads\/2023\/04\/CGT-FRENTE.jpg 800w, https:\/\/vocesparalelas.com.ar\/sitio\/wp-content\/uploads\/2023\/04\/CGT-FRENTE-300x200.jpg 300w, https:\/\/vocesparalelas.com.ar\/sitio\/wp-content\/uploads\/2023\/04\/CGT-FRENTE-768x512.jpg 768w\" sizes=\"auto, (max-width: 800px) 100vw, 800px\" \/><\/p>\n<p>&nbsp;<\/p>\n","protected":false},"excerpt":{"rendered":"<p>El Jueves, 19 de Febrero de 2026, la Confederaci\u00f3n General del Trabajo\u2013 CGT \u2013\u00a0 organiz\u00f3 un Paro Nacional en Argentina<\/p>\n","protected":false},"author":3,"featured_media":95121,"comment_status":"closed","ping_status":"closed","sticky":false,"template":"","format":"standard","meta":{"_acf_changed":false,"_seopress_robots_primary_cat":"none","_seopress_titles_title":"","_seopress_titles_desc":"","_seopress_robots_index":"","colormag_page_container_layout":"default_layout","colormag_page_sidebar_layout":"default_layout","footnotes":""},"categories":[1],"tags":[],"class_list":["post-96843","post","type-post","status-publish","format-standard","has-post-thumbnail","hentry","category-destacadas"],"acf":[],"_links":{"self":[{"href":"https:\/\/vocesparalelas.com.ar\/sitio\/wp-json\/wp\/v2\/posts\/96843","targetHints":{"allow":["GET"]}}],"collection":[{"href":"https:\/\/vocesparalelas.com.ar\/sitio\/wp-json\/wp\/v2\/posts"}],"about":[{"href":"https:\/\/vocesparalelas.com.ar\/sitio\/wp-json\/wp\/v2\/types\/post"}],"author":[{"embeddable":true,"href":"https:\/\/vocesparalelas.com.ar\/sitio\/wp-json\/wp\/v2\/users\/3"}],"replies":[{"embeddable":true,"href":"https:\/\/vocesparalelas.com.ar\/sitio\/wp-json\/wp\/v2\/comments?post=96843"}],"version-history":[{"count":1,"href":"https:\/\/vocesparalelas.com.ar\/sitio\/wp-json\/wp\/v2\/posts\/96843\/revisions"}],"predecessor-version":[{"id":96846,"href":"https:\/\/vocesparalelas.com.ar\/sitio\/wp-json\/wp\/v2\/posts\/96843\/revisions\/96846"}],"wp:featuredmedia":[{"embeddable":true,"href":"https:\/\/vocesparalelas.com.ar\/sitio\/wp-json\/wp\/v2\/media\/95121"}],"wp:attachment":[{"href":"https:\/\/vocesparalelas.com.ar\/sitio\/wp-json\/wp\/v2\/media?parent=96843"}],"wp:term":[{"taxonomy":"category","embeddable":true,"href":"https:\/\/vocesparalelas.com.ar\/sitio\/wp-json\/wp\/v2\/categories?post=96843"},{"taxonomy":"post_tag","embeddable":true,"href":"https:\/\/vocesparalelas.com.ar\/sitio\/wp-json\/wp\/v2\/tags?post=96843"}],"curies":[{"name":"wp","href":"https:\/\/api.w.org\/{rel}","templated":true}]}}