{"id":96831,"date":"2026-02-17T13:59:03","date_gmt":"2026-02-17T16:59:03","guid":{"rendered":"https:\/\/vocesparalelas.com.ar\/sitio\/?p=96831"},"modified":"2026-02-19T01:10:03","modified_gmt":"2026-02-19T04:10:03","slug":"the-platters-en-el-en-el-teatro-sarmiento-de-san-juan","status":"publish","type":"post","link":"https:\/\/vocesparalelas.com.ar\/sitio\/the-platters-en-el-en-el-teatro-sarmiento-de-san-juan\/","title":{"rendered":"\u00abThe Platters\u00bb en el en el\u00a0Teatro Sarmiento de San Juan"},"content":{"rendered":"<p>La m\u00edtica banda de EEUU The Platters, \u00edcono absoluto del doo-wop, el R&amp;B y los or\u00edgenes del rock &amp; roll rom\u00e1ntico, se presenta en San Juan el Jueves 19 de Febrero, en el\u00a0Teatro Sarmiento, en el marco de su gira internacional por Argentina.<\/p>\n<p>Formados en Los \u00c1ngeles a comienzos de la d\u00e9cada del \u201950, The Platters\u00a0marcaron un antes y un despu\u00e9s en la historia de la m\u00fasica popular\u00a0con sus armon\u00edas vocales sofisticadas y un repertorio que se convirti\u00f3 en sin\u00f3nimo del amor y la nostalgia. Su legado los llev\u00f3 a ser incorporados al Sal\u00f3n de la Fama del Rock and Roll, consolid\u00e1ndose como una de las agrupaciones m\u00e1s influyentes de todos los tiempos.<\/p>\n<p><iframe loading=\"lazy\" title=\"The Platters - Only You (Sub. Espa\u00f1ol)\" width=\"800\" height=\"450\" src=\"https:\/\/www.youtube.com\/embed\/9h5YePdWI_8?feature=oembed\" frameborder=\"0\" allow=\"accelerometer; autoplay; clipboard-write; encrypted-media; gyroscope; picture-in-picture; web-share\" referrerpolicy=\"strict-origin-when-cross-origin\" allowfullscreen><\/iframe><\/p>\n<p>El p\u00fablico sanjuanino vivir\u00e1\u00a0una verdadera noche de viaje en el tiempo, con un recorrido por los cl\u00e1sicos\u00a0que atravesaron generaciones y siguen emocionando al mundo entero. Entre los temas que formar\u00e1n parte del espect\u00e1culo se destacan: Only You (And You Alone); The Great Pretender; Smoke Gets in Your Eyes; Twilight Time.<\/p>\n<p>Las entradas para el show, previsto a las\u00a021.30 hs, se pueden adquirir en la boleter\u00eda del teatro, 10 a 13 o de 17 a 20 hs,.<\/p>\n<p>Tambi\u00e9n, a trav\u00e9s de<a href=\"https:\/\/www.entradaweb.com.ar\/evento\/609403ae\/step\/1\">\u00a0www.entradaweb.com.ar<\/a>. Hay promociones en 3 cuotas sin inter\u00e9s con tarjetas Visa y Mastercard.<\/p>\n<p><img loading=\"lazy\" decoding=\"async\" class=\"alignnone size-full wp-image-86392\" src=\"https:\/\/vocesparalelas.com.ar\/sitio\/wp-content\/uploads\/2025\/05\/TEATRO-SARMIENTO-FRENTE-01.jpg\" alt=\"\" width=\"800\" height=\"465\" srcset=\"https:\/\/vocesparalelas.com.ar\/sitio\/wp-content\/uploads\/2025\/05\/TEATRO-SARMIENTO-FRENTE-01.jpg 800w, https:\/\/vocesparalelas.com.ar\/sitio\/wp-content\/uploads\/2025\/05\/TEATRO-SARMIENTO-FRENTE-01-300x174.jpg 300w, https:\/\/vocesparalelas.com.ar\/sitio\/wp-content\/uploads\/2025\/05\/TEATRO-SARMIENTO-FRENTE-01-768x446.jpg 768w\" sizes=\"auto, (max-width: 800px) 100vw, 800px\" \/><\/p>\n<p>&nbsp;<\/p>\n<p>&nbsp;<\/p>\n<p>&nbsp;<\/p>\n<p>&nbsp;<\/p>\n<p>&nbsp;<\/p>\n<p>&nbsp;<\/p>\n","protected":false},"excerpt":{"rendered":"<p>La m\u00edtica banda de EEUU The Platters, \u00edcono absoluto del doo-wop, el R&amp;B y los or\u00edgenes del rock &amp; roll<\/p>\n","protected":false},"author":3,"featured_media":96834,"comment_status":"closed","ping_status":"closed","sticky":false,"template":"","format":"standard","meta":{"_acf_changed":false,"_seopress_robots_primary_cat":"none","_seopress_titles_title":"","_seopress_titles_desc":"","_seopress_robots_index":"","colormag_page_container_layout":"default_layout","colormag_page_sidebar_layout":"default_layout","footnotes":""},"categories":[20,7],"tags":[],"class_list":["post-96831","post","type-post","status-publish","format-standard","has-post-thumbnail","hentry","category-cartelera","category-videos"],"acf":[],"_links":{"self":[{"href":"https:\/\/vocesparalelas.com.ar\/sitio\/wp-json\/wp\/v2\/posts\/96831","targetHints":{"allow":["GET"]}}],"collection":[{"href":"https:\/\/vocesparalelas.com.ar\/sitio\/wp-json\/wp\/v2\/posts"}],"about":[{"href":"https:\/\/vocesparalelas.com.ar\/sitio\/wp-json\/wp\/v2\/types\/post"}],"author":[{"embeddable":true,"href":"https:\/\/vocesparalelas.com.ar\/sitio\/wp-json\/wp\/v2\/users\/3"}],"replies":[{"embeddable":true,"href":"https:\/\/vocesparalelas.com.ar\/sitio\/wp-json\/wp\/v2\/comments?post=96831"}],"version-history":[{"count":4,"href":"https:\/\/vocesparalelas.com.ar\/sitio\/wp-json\/wp\/v2\/posts\/96831\/revisions"}],"predecessor-version":[{"id":96842,"href":"https:\/\/vocesparalelas.com.ar\/sitio\/wp-json\/wp\/v2\/posts\/96831\/revisions\/96842"}],"wp:featuredmedia":[{"embeddable":true,"href":"https:\/\/vocesparalelas.com.ar\/sitio\/wp-json\/wp\/v2\/media\/96834"}],"wp:attachment":[{"href":"https:\/\/vocesparalelas.com.ar\/sitio\/wp-json\/wp\/v2\/media?parent=96831"}],"wp:term":[{"taxonomy":"category","embeddable":true,"href":"https:\/\/vocesparalelas.com.ar\/sitio\/wp-json\/wp\/v2\/categories?post=96831"},{"taxonomy":"post_tag","embeddable":true,"href":"https:\/\/vocesparalelas.com.ar\/sitio\/wp-json\/wp\/v2\/tags?post=96831"}],"curies":[{"name":"wp","href":"https:\/\/api.w.org\/{rel}","templated":true}]}}