{"id":96827,"date":"2026-02-17T12:43:55","date_gmt":"2026-02-17T15:43:55","guid":{"rendered":"https:\/\/vocesparalelas.com.ar\/sitio\/?p=96827"},"modified":"2026-02-19T00:33:34","modified_gmt":"2026-02-19T03:33:34","slug":"avanza-en-el-crecimiento-minero-con-el-fin-que-la-cadena-de-valores-quede-en-san-juan","status":"publish","type":"post","link":"https:\/\/vocesparalelas.com.ar\/sitio\/avanza-en-el-crecimiento-minero-con-el-fin-que-la-cadena-de-valores-quede-en-san-juan\/","title":{"rendered":"Avanza en el crecimiento minero con el fin que la cadena de valores quede en San Juan"},"content":{"rendered":"<p>El gobernador de San Juan, Dr. Marcelo Orrego manifest\u00f3 con gran orgullo que \u00abEl plan de inversiones de Vicu\u00f1a por USD 18.000 millones en 10 a\u00f1os para el desarrollo de Josemar\u00eda y Filo del Sol marca un antes y un despu\u00e9s para nuestra provincia\u00bb.<\/p>\n<p>Significa que \u00abm\u00e1s producci\u00f3n, m\u00e1s exportaciones y m\u00e1s empleo para los sanjuaninos\u00bb.<\/p>\n<p>\u00abDesde el Gobierno vamos a acompa\u00f1ar este proceso con reglas claras, control ambiental y desarrollo de proveedores locales, para que el crecimiento quede en San Juan\u00bb.<\/p>\n<p><img loading=\"lazy\" decoding=\"async\" class=\"alignnone size-full wp-image-92248\" src=\"https:\/\/vocesparalelas.com.ar\/sitio\/wp-content\/uploads\/2025\/10\/MINERIA-DIITAL-SAN-JUAN-01.jpg\" alt=\"\" width=\"800\" height=\"450\" srcset=\"https:\/\/vocesparalelas.com.ar\/sitio\/wp-content\/uploads\/2025\/10\/MINERIA-DIITAL-SAN-JUAN-01.jpg 800w, https:\/\/vocesparalelas.com.ar\/sitio\/wp-content\/uploads\/2025\/10\/MINERIA-DIITAL-SAN-JUAN-01-300x169.jpg 300w, https:\/\/vocesparalelas.com.ar\/sitio\/wp-content\/uploads\/2025\/10\/MINERIA-DIITAL-SAN-JUAN-01-768x432.jpg 768w\" sizes=\"auto, (max-width: 800px) 100vw, 800px\" \/><\/p>\n","protected":false},"excerpt":{"rendered":"<p>El gobernador de San Juan, Dr. Marcelo Orrego manifest\u00f3 con gran orgullo que \u00abEl plan de inversiones de Vicu\u00f1a por<\/p>\n","protected":false},"author":3,"featured_media":66841,"comment_status":"closed","ping_status":"closed","sticky":false,"template":"","format":"standard","meta":{"_acf_changed":false,"_seopress_robots_primary_cat":"none","_seopress_titles_title":"","_seopress_titles_desc":"","_seopress_robots_index":"","colormag_page_container_layout":"default_layout","colormag_page_sidebar_layout":"default_layout","footnotes":""},"categories":[10],"tags":[],"class_list":["post-96827","post","type-post","status-publish","format-standard","has-post-thumbnail","hentry","category-opiniones"],"acf":[],"_links":{"self":[{"href":"https:\/\/vocesparalelas.com.ar\/sitio\/wp-json\/wp\/v2\/posts\/96827","targetHints":{"allow":["GET"]}}],"collection":[{"href":"https:\/\/vocesparalelas.com.ar\/sitio\/wp-json\/wp\/v2\/posts"}],"about":[{"href":"https:\/\/vocesparalelas.com.ar\/sitio\/wp-json\/wp\/v2\/types\/post"}],"author":[{"embeddable":true,"href":"https:\/\/vocesparalelas.com.ar\/sitio\/wp-json\/wp\/v2\/users\/3"}],"replies":[{"embeddable":true,"href":"https:\/\/vocesparalelas.com.ar\/sitio\/wp-json\/wp\/v2\/comments?post=96827"}],"version-history":[{"count":1,"href":"https:\/\/vocesparalelas.com.ar\/sitio\/wp-json\/wp\/v2\/posts\/96827\/revisions"}],"predecessor-version":[{"id":96830,"href":"https:\/\/vocesparalelas.com.ar\/sitio\/wp-json\/wp\/v2\/posts\/96827\/revisions\/96830"}],"wp:featuredmedia":[{"embeddable":true,"href":"https:\/\/vocesparalelas.com.ar\/sitio\/wp-json\/wp\/v2\/media\/66841"}],"wp:attachment":[{"href":"https:\/\/vocesparalelas.com.ar\/sitio\/wp-json\/wp\/v2\/media?parent=96827"}],"wp:term":[{"taxonomy":"category","embeddable":true,"href":"https:\/\/vocesparalelas.com.ar\/sitio\/wp-json\/wp\/v2\/categories?post=96827"},{"taxonomy":"post_tag","embeddable":true,"href":"https:\/\/vocesparalelas.com.ar\/sitio\/wp-json\/wp\/v2\/tags?post=96827"}],"curies":[{"name":"wp","href":"https:\/\/api.w.org\/{rel}","templated":true}]}}