{"id":96816,"date":"2026-02-16T19:14:39","date_gmt":"2026-02-16T22:14:39","guid":{"rendered":"https:\/\/vocesparalelas.com.ar\/sitio\/?p=96816"},"modified":"2026-02-18T22:33:50","modified_gmt":"2026-02-19T01:33:50","slug":"el-cin-de-argentina-reclama-la-inmediata-convocatoria-a-paritarias","status":"publish","type":"post","link":"https:\/\/vocesparalelas.com.ar\/sitio\/el-cin-de-argentina-reclama-la-inmediata-convocatoria-a-paritarias\/","title":{"rendered":"El CIN de Argentina reclama la inmediata convocatoria a paritarias"},"content":{"rendered":"<p>El Consejo Interuniversitario Nacional ratifica que desde hace cuatro meses existe una ley aprobada por el Congreso de la Naci\u00f3n, cuyo cumplimiento corresponde al Poder Ejecutivo.<\/p>\n<p>Con la misma urgencia con que lo venimos se\u00f1alando desde hace meses, dicha ley dispone la inmediata convocatoria a paritarias para las y los trabajadores de las universidades nacionales, a fin de establecer una recomposici\u00f3n de la p\u00e9rdida del poder adquisitivo de los salarios. Del mismo modo, establece pautas de actualizaci\u00f3n de gastos de funcionamiento, de sostenimiento del sistema cient\u00edfico y tecnol\u00f3gico y la actualizaci\u00f3n de montos destinados a becas estudiantiles.<\/p>\n<p>Siempre estaremos dispuestos a encontrar soluciones a problemas angustiantes que hoy afectan el normal desarrollo de las actividades en el \u00e1mbito universitario, pero toda iniciativa, debe partir del cumplimiento efectivo de la ley vigente sancionada por el Congreso Nacional, comenzando por la apertura inmediata de paritarias en este 2026 para la recuperaci\u00f3n salarial, que consideramos urgente por la delicada situaci\u00f3n que atraviesan docentes y nodocentes del sistema universitario p\u00fablico nacional.<\/p>\n<p>No se trata \u00fanicamente de una cuesti\u00f3n presupuestaria, sino de garantizar, respetando el marco normativo vigente, las condiciones m\u00ednimas e indispensables para el desarrollo de las actividades acad\u00e9micas y cient\u00edficas que realiza nuestro sistema universitario, estrat\u00e9gicas y vitales para el desarrollo de la Naci\u00f3n.<\/p>\n<p>&nbsp;<\/p>\n<p><img loading=\"lazy\" decoding=\"async\" class=\"alignnone size-full wp-image-39977\" src=\"https:\/\/vocesparalelas.com.ar\/sitio\/wp-content\/uploads\/2021\/07\/CIN-LOGO-1.jpg\" alt=\"\" width=\"800\" height=\"493\" srcset=\"https:\/\/vocesparalelas.com.ar\/sitio\/wp-content\/uploads\/2021\/07\/CIN-LOGO-1.jpg 800w, https:\/\/vocesparalelas.com.ar\/sitio\/wp-content\/uploads\/2021\/07\/CIN-LOGO-1-300x185.jpg 300w, https:\/\/vocesparalelas.com.ar\/sitio\/wp-content\/uploads\/2021\/07\/CIN-LOGO-1-768x473.jpg 768w\" sizes=\"auto, (max-width: 800px) 100vw, 800px\" \/><\/p>\n","protected":false},"excerpt":{"rendered":"<p>El Consejo Interuniversitario Nacional ratifica que desde hace cuatro meses existe una ley aprobada por el Congreso de la Naci\u00f3n,<\/p>\n","protected":false},"author":3,"featured_media":90626,"comment_status":"closed","ping_status":"closed","sticky":false,"template":"","format":"standard","meta":{"_acf_changed":false,"_seopress_robots_primary_cat":"none","_seopress_titles_title":"","_seopress_titles_desc":"","_seopress_robots_index":"","colormag_page_container_layout":"default_layout","colormag_page_sidebar_layout":"default_layout","footnotes":""},"categories":[10],"tags":[],"class_list":["post-96816","post","type-post","status-publish","format-standard","has-post-thumbnail","hentry","category-opiniones"],"acf":[],"_links":{"self":[{"href":"https:\/\/vocesparalelas.com.ar\/sitio\/wp-json\/wp\/v2\/posts\/96816","targetHints":{"allow":["GET"]}}],"collection":[{"href":"https:\/\/vocesparalelas.com.ar\/sitio\/wp-json\/wp\/v2\/posts"}],"about":[{"href":"https:\/\/vocesparalelas.com.ar\/sitio\/wp-json\/wp\/v2\/types\/post"}],"author":[{"embeddable":true,"href":"https:\/\/vocesparalelas.com.ar\/sitio\/wp-json\/wp\/v2\/users\/3"}],"replies":[{"embeddable":true,"href":"https:\/\/vocesparalelas.com.ar\/sitio\/wp-json\/wp\/v2\/comments?post=96816"}],"version-history":[{"count":2,"href":"https:\/\/vocesparalelas.com.ar\/sitio\/wp-json\/wp\/v2\/posts\/96816\/revisions"}],"predecessor-version":[{"id":96820,"href":"https:\/\/vocesparalelas.com.ar\/sitio\/wp-json\/wp\/v2\/posts\/96816\/revisions\/96820"}],"wp:featuredmedia":[{"embeddable":true,"href":"https:\/\/vocesparalelas.com.ar\/sitio\/wp-json\/wp\/v2\/media\/90626"}],"wp:attachment":[{"href":"https:\/\/vocesparalelas.com.ar\/sitio\/wp-json\/wp\/v2\/media?parent=96816"}],"wp:term":[{"taxonomy":"category","embeddable":true,"href":"https:\/\/vocesparalelas.com.ar\/sitio\/wp-json\/wp\/v2\/categories?post=96816"},{"taxonomy":"post_tag","embeddable":true,"href":"https:\/\/vocesparalelas.com.ar\/sitio\/wp-json\/wp\/v2\/tags?post=96816"}],"curies":[{"name":"wp","href":"https:\/\/api.w.org\/{rel}","templated":true}]}}