{"id":96791,"date":"2026-02-14T18:00:51","date_gmt":"2026-02-14T21:00:51","guid":{"rendered":"https:\/\/vocesparalelas.com.ar\/sitio\/?p=96791"},"modified":"2026-02-14T19:36:27","modified_gmt":"2026-02-14T22:36:27","slug":"el-arzobispo-de-san-juan-entrego-reliquias-de-primer-grado-al-centro-evangelizador-santo-cura-brochero","status":"publish","type":"post","link":"https:\/\/vocesparalelas.com.ar\/sitio\/el-arzobispo-de-san-juan-entrego-reliquias-de-primer-grado-al-centro-evangelizador-santo-cura-brochero\/","title":{"rendered":"El Arzobispo de San Juan entreg\u00f3 reliquias de primer grado al Centro Evangelizador Santo Cura Brochero"},"content":{"rendered":"<p>El Lunes, 16 de Febrero, a las 20 hs., en la misa de sanaci\u00f3n, se venera y bendice dicha reliquia, en el centro evangelizador en honor al santo Santo Cura Brochero, Departamento Chimbas.<\/p>\n<p><img loading=\"lazy\" decoding=\"async\" class=\"alignnone size-full wp-image-96794 aligncenter\" src=\"https:\/\/vocesparalelas.com.ar\/sitio\/wp-content\/uploads\/2026\/02\/Cura-Brochero.jpeg\" alt=\"\" width=\"540\" height=\"565\" srcset=\"https:\/\/vocesparalelas.com.ar\/sitio\/wp-content\/uploads\/2026\/02\/Cura-Brochero.jpeg 540w, https:\/\/vocesparalelas.com.ar\/sitio\/wp-content\/uploads\/2026\/02\/Cura-Brochero-287x300.jpeg 287w\" sizes=\"auto, (max-width: 540px) 100vw, 540px\" \/><\/p>\n<p>El Centro Evangelizador Santo Cura Brochero de San Juan, que se encuentra en el Departamento Chimbas, recibi\u00f3 de manos del arzobispo de San Juan de Cuyo, Monse\u00f1or Jorge Lozano, una reliquia de primer grado, en este caso un hueso del santo enviado desde el Santuario de C\u00f3rdoba.<\/p>\n<p><img loading=\"lazy\" decoding=\"async\" class=\"alignnone size-large wp-image-96795 aligncenter\" src=\"https:\/\/vocesparalelas.com.ar\/sitio\/wp-content\/uploads\/2026\/02\/Cura-Brochero-01-591x800.jpg\" alt=\"\" width=\"591\" height=\"800\" srcset=\"https:\/\/vocesparalelas.com.ar\/sitio\/wp-content\/uploads\/2026\/02\/Cura-Brochero-01-591x800.jpg 591w, https:\/\/vocesparalelas.com.ar\/sitio\/wp-content\/uploads\/2026\/02\/Cura-Brochero-01-221x300.jpg 221w, https:\/\/vocesparalelas.com.ar\/sitio\/wp-content\/uploads\/2026\/02\/Cura-Brochero-01.jpg 756w\" sizes=\"auto, (max-width: 591px) 100vw, 591px\" \/><\/p>\n<p>Cabe destacar que el Lunes, 16 de Febrero, a las 20 hs.,, en la misa de sanaci\u00f3n, se venera y se bendice con dicha reliquia a los fieles que deseen asistir al centro de devoci\u00f3n, Necochea y Rodr\u00edguez &#8211; E &#8211; Departamento Chimbas.<\/p>\n<p><img loading=\"lazy\" decoding=\"async\" class=\"alignnone size-large wp-image-7814\" src=\"https:\/\/vocesparalelas.com.ar\/sitio\/wp-content\/uploads\/2017\/11\/CURA-BOCHERO-800x490.jpg\" alt=\"\" width=\"800\" height=\"490\" srcset=\"https:\/\/vocesparalelas.com.ar\/sitio\/wp-content\/uploads\/2017\/11\/CURA-BOCHERO-800x490.jpg 800w, https:\/\/vocesparalelas.com.ar\/sitio\/wp-content\/uploads\/2017\/11\/CURA-BOCHERO-300x184.jpg 300w, https:\/\/vocesparalelas.com.ar\/sitio\/wp-content\/uploads\/2017\/11\/CURA-BOCHERO-768x470.jpg 768w, https:\/\/vocesparalelas.com.ar\/sitio\/wp-content\/uploads\/2017\/11\/CURA-BOCHERO.jpg 1024w\" sizes=\"auto, (max-width: 800px) 100vw, 800px\" \/><\/p>\n","protected":false},"excerpt":{"rendered":"<p>El Lunes, 16 de Febrero, a las 20 hs., en la misa de sanaci\u00f3n, se venera y bendice dicha reliquia,<\/p>\n","protected":false},"author":3,"featured_media":14347,"comment_status":"closed","ping_status":"closed","sticky":false,"template":"","format":"standard","meta":{"_acf_changed":false,"_seopress_robots_primary_cat":"none","_seopress_titles_title":"","_seopress_titles_desc":"","_seopress_robots_index":"","colormag_page_container_layout":"default_layout","colormag_page_sidebar_layout":"default_layout","footnotes":""},"categories":[1],"tags":[],"class_list":["post-96791","post","type-post","status-publish","format-standard","has-post-thumbnail","hentry","category-destacadas"],"acf":[],"_links":{"self":[{"href":"https:\/\/vocesparalelas.com.ar\/sitio\/wp-json\/wp\/v2\/posts\/96791","targetHints":{"allow":["GET"]}}],"collection":[{"href":"https:\/\/vocesparalelas.com.ar\/sitio\/wp-json\/wp\/v2\/posts"}],"about":[{"href":"https:\/\/vocesparalelas.com.ar\/sitio\/wp-json\/wp\/v2\/types\/post"}],"author":[{"embeddable":true,"href":"https:\/\/vocesparalelas.com.ar\/sitio\/wp-json\/wp\/v2\/users\/3"}],"replies":[{"embeddable":true,"href":"https:\/\/vocesparalelas.com.ar\/sitio\/wp-json\/wp\/v2\/comments?post=96791"}],"version-history":[{"count":1,"href":"https:\/\/vocesparalelas.com.ar\/sitio\/wp-json\/wp\/v2\/posts\/96791\/revisions"}],"predecessor-version":[{"id":96796,"href":"https:\/\/vocesparalelas.com.ar\/sitio\/wp-json\/wp\/v2\/posts\/96791\/revisions\/96796"}],"wp:featuredmedia":[{"embeddable":true,"href":"https:\/\/vocesparalelas.com.ar\/sitio\/wp-json\/wp\/v2\/media\/14347"}],"wp:attachment":[{"href":"https:\/\/vocesparalelas.com.ar\/sitio\/wp-json\/wp\/v2\/media?parent=96791"}],"wp:term":[{"taxonomy":"category","embeddable":true,"href":"https:\/\/vocesparalelas.com.ar\/sitio\/wp-json\/wp\/v2\/categories?post=96791"},{"taxonomy":"post_tag","embeddable":true,"href":"https:\/\/vocesparalelas.com.ar\/sitio\/wp-json\/wp\/v2\/tags?post=96791"}],"curies":[{"name":"wp","href":"https:\/\/api.w.org\/{rel}","templated":true}]}}