{"id":96787,"date":"2026-02-14T18:17:29","date_gmt":"2026-02-14T21:17:29","guid":{"rendered":"https:\/\/vocesparalelas.com.ar\/sitio\/?p=96787"},"modified":"2026-02-16T10:35:33","modified_gmt":"2026-02-16T13:35:33","slug":"una-nueva-oportunidad","status":"publish","type":"post","link":"https:\/\/vocesparalelas.com.ar\/sitio\/una-nueva-oportunidad\/","title":{"rendered":"Una nueva oportunidad"},"content":{"rendered":"<p>Por el Arzobispo de San Juan de Cuyo, Monse\u00f1or Jorge Lozano<\/p>\n<p>El carnaval suele estar presentado como un tiempo de alegr\u00eda y colorido. Aunque se haya ido alejando la costumbre de disfraces de otras d\u00e9cadas, en algunos barrios y provincias se mantienen los corsos populares y costumbres locales. Pero a partir del mi\u00e9rcoles, la vida nos invita a hacer una pausa y mirar hacia adentro. Se marca el cierre de un ciclo y la apertura de otro: la Cuaresma. Este tiempo es un regalo, una nueva oportunidad para comenzar desde donde est\u00e1 cada uno y prepararnos, con esperanza y humildad, para la Semana Santa.<\/p>\n<p>Cuaresma es mucho m\u00e1s que una fecha en el calendario. Son cuarenta d\u00edas que nos invitan a caminar juntos y a crecer espiritualmente, recordando varios acontecimientos en la Historia de nuestra fe. Los cuarenta d\u00edas del diluvio, los cuarenta a\u00f1os del pueblo de Israel caminando en el desierto hacia la Tierra Prometida, los cuarenta d\u00edas de ayuno de Jes\u00fas tambi\u00e9n en el desierto. Es tiempo de revisar nuestro coraz\u00f3n y de abrirnos a la posibilidad de una vida renovada, que explota en alegr\u00eda cada Pascua con Jes\u00fas resucitado.<\/p>\n<p>Todos estamos invitados a aprovechar este momento especial para fortalecer nuestra fe y nuestro compromiso con los dem\u00e1s. No se trata solo de rituales o algunas pr\u00e1cticas espor\u00e1dicas, sino de una actitud de apertura y de b\u00fasqueda sincera. Somos invitados a superar el conformismo y la mediocridad que se nos va pegando a veces sin darnos cuenta.<\/p>\n<p>A partir de las ense\u00f1anzas de Jes\u00fas, la Iglesia nos propone tres caminos concretos para vivir este tiempo: la oraci\u00f3n, el ayuno y la limosna. La oraci\u00f3n nos acerca a Dios; es el di\u00e1logo sincero que nos ayuda a descubrir su presencia en lo cotidiano. El ayuno nos ense\u00f1a a desprendernos de lo superficial, a valorar lo esencial y a ser solidarios con quienes menos tienen. Y la limosna nos motiva a compartir, a entregar parte de lo que somos y tenemos, para construir una comunidad m\u00e1s fraterna.<\/p>\n<p>El Mi\u00e9rcoles de Ceniza es el punto de partida de este camino. Recibir la ceniza es un gesto sencillo pero profundo: nos recuerda que somos fr\u00e1giles, que nuestra vida es ef\u00edmera, y que necesitamos de Dios y de los dem\u00e1s para crecer. Es un momento de humildad, de reconocer nuestras limitaciones, y tambi\u00e9n de confiar en la fuerza que viene de lo alto. El Mi\u00e9rcoles de Cenizas, junto con el Viernes Santo, es una jornada de ayuno; si bien toda la Cuaresma tiene un tono penitencial de moderaci\u00f3n en el<\/p>\n<p>estilo de vida. Es necesario plantearnos esta pr\u00e1ctica de acuerdo con la ense\u00f1anza de la Palabra de Dios: \u201ceste es el ayuno que yo amo\u2026 compartir tu pan con el hambriento y albergar a los pobres sin techo; cubrir al que veas desnudo y no despreocuparte de tu propia carne\u201d (Is 58, 6-9). Nos cae como anillo al dedo esta ense\u00f1anza del Profeta Isa\u00edas.<\/p>\n<p>No se trata, como solemos decir, \u201cyo le ofrezco un sacrificio al Se\u00f1or\u201d. Si obro as\u00ed, la privaci\u00f3n me sirve solamente a m\u00ed; en cambio, si comparto, le sirve tambi\u00e9n a otros y a Dios le gusta m\u00e1s. Recordemos lo que dijo Jes\u00fas \u201cyo quiero misericordia y no sacrificios\u201d (Mateo 9, 13 y Oseas 6, 6).<\/p>\n<p>El ayuno dura solamente un d\u00eda, sin embargo, la necesidad de solidaridad es permanente. Por eso te propongo que dispongas en tu casa de una caja peque\u00f1a o un sobre donde vayas colocando el dinero que logr\u00e1s ahorrar con tus privaciones, y al final de la Cuaresma acercarlo a quienes se organizan en emprendimientos solidarios.<\/p>\n<p>La Cuaresma es una nueva oportunidad. Nos desaf\u00eda a dejar atr\u00e1s lo que no nos permite avanzar y a abrirnos al amor y la alegr\u00eda de la vida nueva en Jes\u00fas. Es tiempo de renovar la fe, de servir con generosidad y de buscar la paz interior. Que este camino nos ayude a llegar a la Pascua con un coraz\u00f3n m\u00e1s pleno, agradecido y dispuesto a celebrar la vida que renace.<\/p>\n<p><iframe loading=\"lazy\" title=\"SAN JUAN MONSE\u00d1OR JORGE LOZANO \" width=\"800\" height=\"450\" src=\"https:\/\/www.youtube.com\/embed\/uL0ccwLll2Q?feature=oembed\" frameborder=\"0\" allow=\"accelerometer; autoplay; clipboard-write; encrypted-media; gyroscope; picture-in-picture; web-share\" referrerpolicy=\"strict-origin-when-cross-origin\" allowfullscreen><\/iframe><\/p>\n<p>&nbsp;<\/p>\n<p>&nbsp;<\/p>\n<p><img loading=\"lazy\" decoding=\"async\" class=\"alignnone size-full wp-image-61416\" src=\"https:\/\/vocesparalelas.com.ar\/sitio\/wp-content\/uploads\/2023\/07\/ARZOBISPADO-EDIFICIO.jpg\" alt=\"\" width=\"800\" height=\"600\" srcset=\"https:\/\/vocesparalelas.com.ar\/sitio\/wp-content\/uploads\/2023\/07\/ARZOBISPADO-EDIFICIO.jpg 800w, https:\/\/vocesparalelas.com.ar\/sitio\/wp-content\/uploads\/2023\/07\/ARZOBISPADO-EDIFICIO-300x225.jpg 300w, https:\/\/vocesparalelas.com.ar\/sitio\/wp-content\/uploads\/2023\/07\/ARZOBISPADO-EDIFICIO-768x576.jpg 768w\" sizes=\"auto, (max-width: 800px) 100vw, 800px\" \/><\/p>\n","protected":false},"excerpt":{"rendered":"<p>Por el Arzobispo de San Juan de Cuyo, Monse\u00f1or Jorge Lozano El carnaval suele estar presentado como un tiempo de<\/p>\n","protected":false},"author":3,"featured_media":81112,"comment_status":"closed","ping_status":"closed","sticky":false,"template":"","format":"standard","meta":{"_acf_changed":false,"_seopress_robots_primary_cat":"none","_seopress_titles_title":"","_seopress_titles_desc":"","_seopress_robots_index":"","colormag_page_container_layout":"default_layout","colormag_page_sidebar_layout":"default_layout","footnotes":""},"categories":[10,7],"tags":[],"class_list":["post-96787","post","type-post","status-publish","format-standard","has-post-thumbnail","hentry","category-opiniones","category-videos"],"acf":[],"_links":{"self":[{"href":"https:\/\/vocesparalelas.com.ar\/sitio\/wp-json\/wp\/v2\/posts\/96787","targetHints":{"allow":["GET"]}}],"collection":[{"href":"https:\/\/vocesparalelas.com.ar\/sitio\/wp-json\/wp\/v2\/posts"}],"about":[{"href":"https:\/\/vocesparalelas.com.ar\/sitio\/wp-json\/wp\/v2\/types\/post"}],"author":[{"embeddable":true,"href":"https:\/\/vocesparalelas.com.ar\/sitio\/wp-json\/wp\/v2\/users\/3"}],"replies":[{"embeddable":true,"href":"https:\/\/vocesparalelas.com.ar\/sitio\/wp-json\/wp\/v2\/comments?post=96787"}],"version-history":[{"count":1,"href":"https:\/\/vocesparalelas.com.ar\/sitio\/wp-json\/wp\/v2\/posts\/96787\/revisions"}],"predecessor-version":[{"id":96790,"href":"https:\/\/vocesparalelas.com.ar\/sitio\/wp-json\/wp\/v2\/posts\/96787\/revisions\/96790"}],"wp:featuredmedia":[{"embeddable":true,"href":"https:\/\/vocesparalelas.com.ar\/sitio\/wp-json\/wp\/v2\/media\/81112"}],"wp:attachment":[{"href":"https:\/\/vocesparalelas.com.ar\/sitio\/wp-json\/wp\/v2\/media?parent=96787"}],"wp:term":[{"taxonomy":"category","embeddable":true,"href":"https:\/\/vocesparalelas.com.ar\/sitio\/wp-json\/wp\/v2\/categories?post=96787"},{"taxonomy":"post_tag","embeddable":true,"href":"https:\/\/vocesparalelas.com.ar\/sitio\/wp-json\/wp\/v2\/tags?post=96787"}],"curies":[{"name":"wp","href":"https:\/\/api.w.org\/{rel}","templated":true}]}}