{"id":96752,"date":"2026-02-13T17:22:21","date_gmt":"2026-02-13T20:22:21","guid":{"rendered":"https:\/\/vocesparalelas.com.ar\/sitio\/?p=96752"},"modified":"2026-02-17T13:46:12","modified_gmt":"2026-02-17T16:46:12","slug":"convenio-de-cooperacion-para-beneficio-del-sector-productivo-y-la-comunidad-de-san-juan","status":"publish","type":"post","link":"https:\/\/vocesparalelas.com.ar\/sitio\/convenio-de-cooperacion-para-beneficio-del-sector-productivo-y-la-comunidad-de-san-juan\/","title":{"rendered":"Convenio de Cooperaci\u00f3n para beneficio del sector productivo y la comunidad de San Juan"},"content":{"rendered":"<p>La C\u00e1mara de Comercio y Servicios de San Juan firm\u00f3 un importante convenio de colaboraci\u00f3n junto al Consejo Profesional de Ciencias Econ\u00f3micas de San Juan con el objetivo de fortalecer el trabajo institucional conjunto y promover acciones en beneficio del sector productivo y la comunidad de San Juan.<\/p>\n<p>El acuerdo establece relaciones de complementaci\u00f3n, cooperaci\u00f3n y asistencia rec\u00edproca en \u00e1reas acad\u00e9micas, estad\u00edsticas, culturales, tecnol\u00f3gicas y de servicios. A trav\u00e9s de este marco institucional, ambas entidades se comprometen a actuar como organismos asesores entre s\u00ed en el relevamiento y resoluci\u00f3n de problem\u00e1ticas vinculadas a sus respectivas competencias.<\/p>\n<p>Entre los principales alcances del convenio se destacan la colaboraci\u00f3n en proyectos de investigaci\u00f3n y desarrollo, la organizaci\u00f3n de conferencias, seminarios y cursos sobre temas de inter\u00e9s com\u00fan, y la implementaci\u00f3n de programas de formaci\u00f3n profesional y atenci\u00f3n comunitaria orientados a responder a las demandas actuales.<\/p>\n<p>En este sentido, el presidente de la entidad mercantil, Hermes Rodr\u00edguez, destac\u00f3 la importancia del acuerdo y manifest\u00f3 que \u00abpara la C\u00e1mara de Comercio de San Juan es muy importante poder aprovechar estas posibilidades que nos brinda el Consejo Profesional de Ciencias Econ\u00f3micas de la provincia. A trav\u00e9s de su presidenta hemos podido unificar criterios, intercambiar ideas y trabajar en conjunto, tambi\u00e9n con el acompa\u00f1amiento de profesionales que nos orientan en materia econ\u00f3mica\u201d.<\/p>\n<p>\u201cEste acuerdo representa una herramienta muy importante que vamos a poner a disposici\u00f3n del sector. Seguramente trabajaremos en diversos proyectos; algunos incluso ya los tenemos en carpeta. La idea es que estos aportes no solo beneficien al comerciante, sino tambi\u00e9n al ciudadano y a los profesionales de la provincia de San Juan. En un contexto econ\u00f3mico complejo como el que atraviesa la Rep\u00fablica Argentina, creemos que desde las instituciones podemos colaborar y aportar nuestro granito de arena para fortalecer la actividad econ\u00f3mica\u201d.- sintetiz\u00f3 Hermes Rodr\u00edguez.<\/p>\n<p>Por su parte, la presidenta del Consejo Profesional de Ciencias Econ\u00f3micas, CPN Mar\u00eda Lucila Avel\u00edn, subray\u00f3 que \u00abel valor estrat\u00e9gico de la iniciativa es para nosotros es muy importante poder avanzar con este convenio. Desde el Consejo venimos trabajando desde hace tiempo con distintas c\u00e1maras empresarias, y vincularnos formalmente con el sector comercial \u2014clave para San Juan, generador de empleo y muy representativo dentro de la econom\u00eda argentina\u2014 es realmente una enorme oportunidad\u201d.<\/p>\n<p>\u201cEste convenio est\u00e1 pensado para desarrollar distintas l\u00edneas de acci\u00f3n, especialmente en materia de capacitaci\u00f3n. Este a\u00f1o se presenta como un per\u00edodo complejo, con numerosos cambios normativos y regulatorios. En ese sentido, estamos convencidos de que los profesionales en Ciencias Econ\u00f3micas somos grandes aliados de las empresas\u201d.<\/p>\n<p>Adem\u00e1s, ambas instituciones trabajar\u00e1n de manera articulada en el intercambio de metodolog\u00edas y procedimientos, la realizaci\u00f3n de encuestas y relevamientos conjuntos y la elaboraci\u00f3n de informes t\u00e9cnicos basados en los datos obtenidos.<\/p>\n<p>Acompa\u00f1aron la r\u00fabrica la vicepresidente de la C\u00e1mara de Comercio y Servicios de San Juan, Silvina Beatriz Letizia; el director ejecutivo de la entidad, Eduardo Maurin; y la secretaria del Consejo Profesional de Ciencias Econ\u00f3micas de San Juan, Ver\u00f3nica Riveros, adem\u00e1s de invitados especiales.<\/p>\n<p>Con esta iniciativa, las entidades reafirman su compromiso con el fortalecimiento del entramado comercial y econ\u00f3mico de la provincia, impulsando acciones que contribuyan al desarrollo sostenible y a la profesionalizaci\u00f3n del sector.<\/p>\n<p><img loading=\"lazy\" decoding=\"async\" class=\"alignnone size-full wp-image-95512\" src=\"https:\/\/vocesparalelas.com.ar\/sitio\/wp-content\/uploads\/2026\/01\/CENTRO-COMERCIO-01.jpg\" alt=\"\" width=\"800\" height=\"454\" srcset=\"https:\/\/vocesparalelas.com.ar\/sitio\/wp-content\/uploads\/2026\/01\/CENTRO-COMERCIO-01.jpg 800w, https:\/\/vocesparalelas.com.ar\/sitio\/wp-content\/uploads\/2026\/01\/CENTRO-COMERCIO-01-300x170.jpg 300w, https:\/\/vocesparalelas.com.ar\/sitio\/wp-content\/uploads\/2026\/01\/CENTRO-COMERCIO-01-768x436.jpg 768w\" sizes=\"auto, (max-width: 800px) 100vw, 800px\" \/><\/p>\n<p>&nbsp;<\/p>\n","protected":false},"excerpt":{"rendered":"<p>La C\u00e1mara de Comercio y Servicios de San Juan firm\u00f3 un importante convenio de colaboraci\u00f3n junto al Consejo Profesional de<\/p>\n","protected":false},"author":3,"featured_media":96755,"comment_status":"closed","ping_status":"closed","sticky":false,"template":"","format":"standard","meta":{"_acf_changed":false,"_seopress_robots_primary_cat":"none","_seopress_titles_title":"","_seopress_titles_desc":"","_seopress_robots_index":"","colormag_page_container_layout":"default_layout","colormag_page_sidebar_layout":"default_layout","footnotes":""},"categories":[6],"tags":[],"class_list":["post-96752","post","type-post","status-publish","format-standard","has-post-thumbnail","hentry","category-eventos"],"acf":[],"_links":{"self":[{"href":"https:\/\/vocesparalelas.com.ar\/sitio\/wp-json\/wp\/v2\/posts\/96752","targetHints":{"allow":["GET"]}}],"collection":[{"href":"https:\/\/vocesparalelas.com.ar\/sitio\/wp-json\/wp\/v2\/posts"}],"about":[{"href":"https:\/\/vocesparalelas.com.ar\/sitio\/wp-json\/wp\/v2\/types\/post"}],"author":[{"embeddable":true,"href":"https:\/\/vocesparalelas.com.ar\/sitio\/wp-json\/wp\/v2\/users\/3"}],"replies":[{"embeddable":true,"href":"https:\/\/vocesparalelas.com.ar\/sitio\/wp-json\/wp\/v2\/comments?post=96752"}],"version-history":[{"count":1,"href":"https:\/\/vocesparalelas.com.ar\/sitio\/wp-json\/wp\/v2\/posts\/96752\/revisions"}],"predecessor-version":[{"id":96756,"href":"https:\/\/vocesparalelas.com.ar\/sitio\/wp-json\/wp\/v2\/posts\/96752\/revisions\/96756"}],"wp:featuredmedia":[{"embeddable":true,"href":"https:\/\/vocesparalelas.com.ar\/sitio\/wp-json\/wp\/v2\/media\/96755"}],"wp:attachment":[{"href":"https:\/\/vocesparalelas.com.ar\/sitio\/wp-json\/wp\/v2\/media?parent=96752"}],"wp:term":[{"taxonomy":"category","embeddable":true,"href":"https:\/\/vocesparalelas.com.ar\/sitio\/wp-json\/wp\/v2\/categories?post=96752"},{"taxonomy":"post_tag","embeddable":true,"href":"https:\/\/vocesparalelas.com.ar\/sitio\/wp-json\/wp\/v2\/tags?post=96752"}],"curies":[{"name":"wp","href":"https:\/\/api.w.org\/{rel}","templated":true}]}}