{"id":96748,"date":"2026-02-13T13:47:05","date_gmt":"2026-02-13T16:47:05","guid":{"rendered":"https:\/\/vocesparalelas.com.ar\/sitio\/?p=96748"},"modified":"2026-02-14T18:22:41","modified_gmt":"2026-02-14T21:22:41","slug":"se-acredito-pagos-del-operativo-aprender-y-ateneos-para-docentes-que-participaron-en-san-juan","status":"publish","type":"post","link":"https:\/\/vocesparalelas.com.ar\/sitio\/se-acredito-pagos-del-operativo-aprender-y-ateneos-para-docentes-que-participaron-en-san-juan\/","title":{"rendered":"Se acredit\u00f3 pagos del Operativo Aprender y Ateneos para docentes que participaron en San Juan"},"content":{"rendered":"<p>El Ministerio de Educaci\u00f3n \u00a0del Gobierno de San Juan informa que ya est\u00e1n disponibles los pagos correspondientes a quienes participaron del Operativo Aprender Primaria y de los Ateneos Docentes.<\/p>\n<p>La Oficina Contable de Planes y Programas del Ministerio de Educaci\u00f3n comunica que se efectuaron las acreditaciones para los distintos roles que formaron parte del Operativo Aprender, incluyendo veedores, aplicadores urbanos y rurales, coordinadores y observadores.<\/p>\n<p>Asimismo, se informa que tambi\u00e9n se encuentran acreditados los pagos vinculados a los Ateneos 5; 6; 7 y 8, incluyendo el reconocimiento por asistencia perfecta.<\/p>\n<p>Los docentes y profesionales alcanzados por estas instancias pueden verificar la acreditaci\u00f3n a trav\u00e9s de los medios habituales. Ante cualquier consulta administrativa, podr\u00e1n dirigirse a las \u00e1reas correspondientes del Ministerio de Educaci\u00f3n.<\/p>\n<p><img loading=\"lazy\" decoding=\"async\" class=\"alignnone size-full wp-image-65642\" src=\"https:\/\/vocesparalelas.com.ar\/sitio\/wp-content\/uploads\/2023\/11\/GOBIERNO-SAN-JUAN.jpg\" alt=\"\" width=\"800\" height=\"600\" srcset=\"https:\/\/vocesparalelas.com.ar\/sitio\/wp-content\/uploads\/2023\/11\/GOBIERNO-SAN-JUAN.jpg 800w, https:\/\/vocesparalelas.com.ar\/sitio\/wp-content\/uploads\/2023\/11\/GOBIERNO-SAN-JUAN-300x225.jpg 300w, https:\/\/vocesparalelas.com.ar\/sitio\/wp-content\/uploads\/2023\/11\/GOBIERNO-SAN-JUAN-768x576.jpg 768w\" sizes=\"auto, (max-width: 800px) 100vw, 800px\" \/><\/p>\n","protected":false},"excerpt":{"rendered":"<p>El Ministerio de Educaci\u00f3n \u00a0del Gobierno de San Juan informa que ya est\u00e1n disponibles los pagos correspondientes a quienes participaron<\/p>\n","protected":false},"author":3,"featured_media":5039,"comment_status":"closed","ping_status":"closed","sticky":false,"template":"","format":"standard","meta":{"_acf_changed":false,"_seopress_robots_primary_cat":"none","_seopress_titles_title":"","_seopress_titles_desc":"","_seopress_robots_index":"","colormag_page_container_layout":"default_layout","colormag_page_sidebar_layout":"default_layout","footnotes":""},"categories":[6],"tags":[],"class_list":["post-96748","post","type-post","status-publish","format-standard","has-post-thumbnail","hentry","category-eventos"],"acf":[],"_links":{"self":[{"href":"https:\/\/vocesparalelas.com.ar\/sitio\/wp-json\/wp\/v2\/posts\/96748","targetHints":{"allow":["GET"]}}],"collection":[{"href":"https:\/\/vocesparalelas.com.ar\/sitio\/wp-json\/wp\/v2\/posts"}],"about":[{"href":"https:\/\/vocesparalelas.com.ar\/sitio\/wp-json\/wp\/v2\/types\/post"}],"author":[{"embeddable":true,"href":"https:\/\/vocesparalelas.com.ar\/sitio\/wp-json\/wp\/v2\/users\/3"}],"replies":[{"embeddable":true,"href":"https:\/\/vocesparalelas.com.ar\/sitio\/wp-json\/wp\/v2\/comments?post=96748"}],"version-history":[{"count":1,"href":"https:\/\/vocesparalelas.com.ar\/sitio\/wp-json\/wp\/v2\/posts\/96748\/revisions"}],"predecessor-version":[{"id":96751,"href":"https:\/\/vocesparalelas.com.ar\/sitio\/wp-json\/wp\/v2\/posts\/96748\/revisions\/96751"}],"wp:featuredmedia":[{"embeddable":true,"href":"https:\/\/vocesparalelas.com.ar\/sitio\/wp-json\/wp\/v2\/media\/5039"}],"wp:attachment":[{"href":"https:\/\/vocesparalelas.com.ar\/sitio\/wp-json\/wp\/v2\/media?parent=96748"}],"wp:term":[{"taxonomy":"category","embeddable":true,"href":"https:\/\/vocesparalelas.com.ar\/sitio\/wp-json\/wp\/v2\/categories?post=96748"},{"taxonomy":"post_tag","embeddable":true,"href":"https:\/\/vocesparalelas.com.ar\/sitio\/wp-json\/wp\/v2\/tags?post=96748"}],"curies":[{"name":"wp","href":"https:\/\/api.w.org\/{rel}","templated":true}]}}