{"id":96739,"date":"2026-02-13T12:34:42","date_gmt":"2026-02-13T15:34:42","guid":{"rendered":"https:\/\/vocesparalelas.com.ar\/sitio\/?p=96739"},"modified":"2026-02-14T12:48:03","modified_gmt":"2026-02-14T15:48:03","slug":"avanza-el-master-plan-del-paraje-difunta-correa-en-san-juan","status":"publish","type":"post","link":"https:\/\/vocesparalelas.com.ar\/sitio\/avanza-el-master-plan-del-paraje-difunta-correa-en-san-juan\/","title":{"rendered":"Avanza el Master Plan del Paraje Difunta Correa en San Juan"},"content":{"rendered":"<p>El Ministerio de Infraestructura, Agua y Energ\u00eda del \u00a0Gobierno de San Juan. avanza con la ejecuci\u00f3n de un Master Plan integral en el Paraje Difunta Correa, una estrategia que busca modernizar la infraestructura, ordenar los espacios y fortalecer tanto la actividad tur\u00edstica como la devoci\u00f3n popular. Actualmente, el plan se desarrolla a trav\u00e9s de 20 frentes de obra que se encuentran en ejecuci\u00f3n, en distintas etapas de avance, consolidando una transformaci\u00f3n progresiva del predio.<\/p>\n<p>Entre los frentes que integran el Master Plan se incluyen cuatro intervenciones en el sistema de SANITARIOS, orientadas a mejorar la capacidad, el confort y la accesibilidad para peregrinos y visitantes.<\/p>\n<p>En estos sectores se desarrollan tareas de refacci\u00f3n y ampliaci\u00f3n de n\u00facleos existentes, construcci\u00f3n de nuevos espacios sanitarios, incorporaci\u00f3n de ba\u00f1os adaptados para personas con discapacidad, rampas de acceso y piletas exteriores con p\u00e9rgolas de sombra.<\/p>\n<p>Tambi\u00e9n se avanza con la renovaci\u00f3n de pisos, techos, artefactos e instalaciones generales, fortaleciendo el funcionamiento integral del sistema.<\/p>\n<p>El plan contempla adem\u00e1s cuatro frentes de obra correspondientes al SECTOR GASTRON\u00d3MICO, donde se ejecutan tareas de remodelaci\u00f3n y reorganizaci\u00f3n de galer\u00edas con estructuras met\u00e1licas reforzadas, nuevos cielorrasos y pisos estampados.<\/p>\n<p>En paralelo, se avanza con la incorporaci\u00f3n de luminarias modernas, carteler\u00eda, veredas y cordones, mejorando la circulaci\u00f3n peatonal y la seguridad del \u00e1rea. El proyecto incluye la construcci\u00f3n de m\u00f3dulos semicubiertos, p\u00e9rgolas que ampl\u00edan las zonas de sombra, la refuncionalizaci\u00f3n de espacios existentes y la mejora de accesos y fachadas, jerarquizando el paseo comercial.<\/p>\n<p>Otro frente relevante es la REFACCI\u00d3N Y REMODELACI\u00d3N DEL SECTOR ASADORES, orientada a mejorar la infraestructura de servicios y los espacios de uso comunitario. All\u00ed se desarrollan tareas de reorganizaci\u00f3n de parrilleros, mesas y bancos, restauraci\u00f3n de asadores existentes y montaje de nuevas estructuras met\u00e1licas y equipamiento. El proyecto incorpora sectores semicubiertos con p\u00e9rgolas, galer\u00edas y nuevas circulaciones peatonales, adem\u00e1s de un puente peatonal que fortalece la conectividad interna del predio.<\/p>\n<p>El Master Plan incluye dos frentes espec\u00edficos vinculados a la se\u00f1alizaci\u00f3n y los servicios al visitante: T\u00d3TEM N\u00ba 1 y T\u00d3TEM N\u00ba 2, que se integran al esquema general del predio como puntos de referencia, orientaci\u00f3n e informaci\u00f3n, contribuyendo al ordenamiento del espacio y a una mejor experiencia de los visitantes.<\/p>\n<p>A estos frentes se suma la CONSTRUCCI\u00d3N DE LA UNIDAD RURAL, donde se desarrollan tareas de movimiento de suelos, fundaciones y estructuras, fortaleciendo la presencia de servicios esenciales en el \u00e1rea.<\/p>\n<p>Tambi\u00e9n avanza la CONSTRUCCI\u00d3N DEL ESCENARIO, concebido como un espacio destinado a actividades culturales, religiosas y comunitarias. En este sector se ejecutan trabajos estructurales vinculados a plateas y armado de estructuras, que permitir\u00e1n acompa\u00f1ar celebraciones y eventos de gran convocatoria.<\/p>\n<p>Otro frente en ejecuci\u00f3n es la AMPLIACI\u00d3N Y REMODELACI\u00d3N DE LA ESCUELA PARAGUAY, donde se realizan tareas de acondicionamiento general, trabajos de pintura, revoques y mejoras edilicias, integrando el edificio educativo al nuevo esquema de ordenamiento del paraje.<\/p>\n<p>El plan contempla adem\u00e1s la CONSTRUCCI\u00d3N DEL CAPS VALLECITOS, con trabajos estructurales y de cerramiento orientados a fortalecer la atenci\u00f3n primaria de la salud en una zona de alta concurrencia.<\/p>\n<p>Asimismo, se desarrolla la*CONSTRUCCI\u00d3N DEL SECTOR ESTACIONAMIENTO,* con tareas de movimiento de suelo, ejecuci\u00f3n de canteros y pasarelas peatonales, fundamentales para ordenar el ingreso vehicular y mejorar la seguridad y accesibilidad de quienes llegan al predio.<\/p>\n<p>Como parte de las intervenciones complementarias, el Master Plan suma obras que mejoran el uso cotidiano y la experiencia de quienes recorren el paraje. Entre ellas se destacan la construcci\u00f3n de BANCOS Y MESAS, la ejecuci\u00f3n de NUEVAS VEREDAS y las OBRAS DE ILUMINACI\u00d3N general, que aportan mayor seguridad, mejor visibilidad y un recorrido m\u00e1s ordenado para peregrinos y visitantes.<\/p>\n<p>A estos trabajos se suma adem\u00e1s la PINTURA de distintos sectores que se encontraban deteriorados, una intervenci\u00f3n que permite recuperar superficies, mejorar la imagen general del santuario y poner en valor espacios de uso cotidiano para peregrinos y visitantes.<\/p>\n<p>Con estos 20 frentes de obra en ejecuci\u00f3n, el Master Plan del Paraje Difunta Correa avanza de manera integral, combinando infraestructura, servicios y ordenamiento territorial, con el objetivo de consolidar un espacio m\u00e1s accesible, ordenado y preparado para recibir a miles de peregrinos cada a\u00f1o, sin perder su identidad espiritual y cultural.<\/p>\n<p><img loading=\"lazy\" decoding=\"async\" class=\"alignnone size-full wp-image-65642\" src=\"https:\/\/vocesparalelas.com.ar\/sitio\/wp-content\/uploads\/2023\/11\/GOBIERNO-SAN-JUAN.jpg\" alt=\"\" width=\"800\" height=\"600\" srcset=\"https:\/\/vocesparalelas.com.ar\/sitio\/wp-content\/uploads\/2023\/11\/GOBIERNO-SAN-JUAN.jpg 800w, https:\/\/vocesparalelas.com.ar\/sitio\/wp-content\/uploads\/2023\/11\/GOBIERNO-SAN-JUAN-300x225.jpg 300w, https:\/\/vocesparalelas.com.ar\/sitio\/wp-content\/uploads\/2023\/11\/GOBIERNO-SAN-JUAN-768x576.jpg 768w\" sizes=\"auto, (max-width: 800px) 100vw, 800px\" \/><\/p>\n","protected":false},"excerpt":{"rendered":"<p>El Ministerio de Infraestructura, Agua y Energ\u00eda del \u00a0Gobierno de San Juan. avanza con la ejecuci\u00f3n de un Master Plan<\/p>\n","protected":false},"author":3,"featured_media":96742,"comment_status":"closed","ping_status":"closed","sticky":false,"template":"","format":"standard","meta":{"_acf_changed":false,"_seopress_robots_primary_cat":"none","_seopress_titles_title":"","_seopress_titles_desc":"","_seopress_robots_index":"","colormag_page_container_layout":"default_layout","colormag_page_sidebar_layout":"default_layout","footnotes":""},"categories":[6],"tags":[],"class_list":["post-96739","post","type-post","status-publish","format-standard","has-post-thumbnail","hentry","category-eventos"],"acf":[],"_links":{"self":[{"href":"https:\/\/vocesparalelas.com.ar\/sitio\/wp-json\/wp\/v2\/posts\/96739","targetHints":{"allow":["GET"]}}],"collection":[{"href":"https:\/\/vocesparalelas.com.ar\/sitio\/wp-json\/wp\/v2\/posts"}],"about":[{"href":"https:\/\/vocesparalelas.com.ar\/sitio\/wp-json\/wp\/v2\/types\/post"}],"author":[{"embeddable":true,"href":"https:\/\/vocesparalelas.com.ar\/sitio\/wp-json\/wp\/v2\/users\/3"}],"replies":[{"embeddable":true,"href":"https:\/\/vocesparalelas.com.ar\/sitio\/wp-json\/wp\/v2\/comments?post=96739"}],"version-history":[{"count":1,"href":"https:\/\/vocesparalelas.com.ar\/sitio\/wp-json\/wp\/v2\/posts\/96739\/revisions"}],"predecessor-version":[{"id":96743,"href":"https:\/\/vocesparalelas.com.ar\/sitio\/wp-json\/wp\/v2\/posts\/96739\/revisions\/96743"}],"wp:featuredmedia":[{"embeddable":true,"href":"https:\/\/vocesparalelas.com.ar\/sitio\/wp-json\/wp\/v2\/media\/96742"}],"wp:attachment":[{"href":"https:\/\/vocesparalelas.com.ar\/sitio\/wp-json\/wp\/v2\/media?parent=96739"}],"wp:term":[{"taxonomy":"category","embeddable":true,"href":"https:\/\/vocesparalelas.com.ar\/sitio\/wp-json\/wp\/v2\/categories?post=96739"},{"taxonomy":"post_tag","embeddable":true,"href":"https:\/\/vocesparalelas.com.ar\/sitio\/wp-json\/wp\/v2\/tags?post=96739"}],"curies":[{"name":"wp","href":"https:\/\/api.w.org\/{rel}","templated":true}]}}