{"id":96734,"date":"2026-02-13T11:26:54","date_gmt":"2026-02-13T14:26:54","guid":{"rendered":"https:\/\/vocesparalelas.com.ar\/sitio\/?p=96734"},"modified":"2026-02-13T11:28:18","modified_gmt":"2026-02-13T14:28:18","slug":"avanza-la-construccion-del-moderno-mall-en-san-juan","status":"publish","type":"post","link":"https:\/\/vocesparalelas.com.ar\/sitio\/avanza-la-construccion-del-moderno-mall-en-san-juan\/","title":{"rendered":"Avanza la construcci\u00f3n del moderno Mall en San Juan"},"content":{"rendered":"<p>El gobernador de San Juan, Dr. Marcelo Orrego recorri\u00f3 la obra del moderno mall que se construye en la intersecci\u00f3n de Circunvalaci\u00f3n y Scalabrini Ortiz, una zona comercial estrat\u00e9gica.<\/p>\n<p>La visita se enmarca en la l\u00ednea de gesti\u00f3n que sostiene que la inversi\u00f3n privada es uno de los principales motores del crecimiento econ\u00f3mico y la generaci\u00f3n de empleo en la provincia.\u00a0Durante la recorrida, el mandatario fue acompa\u00f1ado por el propietario Fernando Lucero.<\/p>\n<p>El emprendimiento de Capital \u00edntegramente de San Juan, propone un concepto innovador para la regi\u00f3n de Cuyo. Se trata de un espacio abierto, con amplios sectores verdes, vegetaci\u00f3n, palmeras y un dise\u00f1o arquitect\u00f3nico pensado para el disfrute familiar y el encuentro social. Durante la noche, la iluminaci\u00f3n ser\u00e1 uno de los elementos centrales que potenciar\u00e1 la est\u00e9tica y la experiencia del lugar.<\/p>\n<p>Fernando Lucero, propietario del Mall, destac\u00f3 que no existe un desarrollo similar en San Juan ni en la regi\u00f3n. \u201cEs un lugar pensado para venir en familia, con amigos, con chicos, donde hay espacio para todos. Queremos que sea un punto de encuentro, tambi\u00e9n para recibir a turistas o personas que nos visiten de otras provincias\u201d,\u00a0se\u00f1al\u00f3.<\/p>\n<p>El proyecto contempla tres etapas de ejecuci\u00f3n. Actualmente se encuentra en la fase final de la primera, cuya inauguraci\u00f3n est\u00e1 prevista para los pr\u00f3ximos meses. Esta etapa incluir\u00e1 un importante sector comercial, espacios de servicios y un polo gastron\u00f3mico con m\u00faltiples rubros, in\u00e9dito en la provincia, que concentrar\u00e1 una amplia oferta y actividad permanente, incluyendo m\u00fasica en vivo y propuestas culturales.<\/p>\n<p>Otro de los aspectos destacados es su ubicaci\u00f3n estrat\u00e9gica, sobre un nodo de alta circulaci\u00f3n, cercano a puntos de gran convocatoria como el Libertad y el Cinema Center, y con acceso directo desde avenida Circunvalaci\u00f3n. Adem\u00e1s, contar\u00e1 con una amplia playa de estacionamiento que facilitar\u00e1 el acceso desde distintos puntos de la ciudad.<\/p>\n<p>En materia de empleo, Lucero explic\u00f3 que la obra lleva aproximadamente dos a\u00f1os de ejecuci\u00f3n y mantiene de manera permanente a m\u00e1s de 50 trabajadores, pertenecientes a distintos rubros y especialidades, dado el alto componente tecnol\u00f3gico del proyecto. A ese impacto se sumar\u00e1, una vez inaugurado el sector comercial, una significativa generaci\u00f3n de nuevos puestos de trabajo vinculados a los locales, servicios y la gastronom\u00eda.<\/p>\n<p>\u00abLa construcci\u00f3n est\u00e1 a cargo de la empresa Pirca y el dise\u00f1o arquitect\u00f3nico fue desarrollado por el arquitecto Fabi\u00e1n Vallv\u00e9. Es una inversi\u00f3n muy importante, realizada por una empresa sanjuanina con trayectoria, que apost\u00f3 fuerte a este proyecto. Estamos muy conformes y convencidos de que ser\u00e1 un espacio que marcar\u00e1 un antes y un despu\u00e9s\u201d &#8211;\u00a0 concluy\u00f3 el empresario.<\/p>\n<p><iframe loading=\"lazy\" title=\"La obra del nuevo mall que impulsa la inversi\u00f3n privada recibi\u00f3 la visita del gobernador\" width=\"800\" height=\"450\" src=\"https:\/\/www.youtube.com\/embed\/7HmhavxLyPY?feature=oembed\" frameborder=\"0\" allow=\"accelerometer; autoplay; clipboard-write; encrypted-media; gyroscope; picture-in-picture; web-share\" referrerpolicy=\"strict-origin-when-cross-origin\" allowfullscreen><\/iframe><\/p>\n","protected":false},"excerpt":{"rendered":"<p>El gobernador de San Juan, Dr. Marcelo Orrego recorri\u00f3 la obra del moderno mall que se construye en la intersecci\u00f3n<\/p>\n","protected":false},"author":3,"featured_media":96737,"comment_status":"closed","ping_status":"closed","sticky":false,"template":"","format":"standard","meta":{"_acf_changed":false,"_seopress_robots_primary_cat":"none","_seopress_titles_title":"","_seopress_titles_desc":"","_seopress_robots_index":"","colormag_page_container_layout":"default_layout","colormag_page_sidebar_layout":"default_layout","footnotes":""},"categories":[1,7],"tags":[],"class_list":["post-96734","post","type-post","status-publish","format-standard","has-post-thumbnail","hentry","category-destacadas","category-videos"],"acf":[],"_links":{"self":[{"href":"https:\/\/vocesparalelas.com.ar\/sitio\/wp-json\/wp\/v2\/posts\/96734","targetHints":{"allow":["GET"]}}],"collection":[{"href":"https:\/\/vocesparalelas.com.ar\/sitio\/wp-json\/wp\/v2\/posts"}],"about":[{"href":"https:\/\/vocesparalelas.com.ar\/sitio\/wp-json\/wp\/v2\/types\/post"}],"author":[{"embeddable":true,"href":"https:\/\/vocesparalelas.com.ar\/sitio\/wp-json\/wp\/v2\/users\/3"}],"replies":[{"embeddable":true,"href":"https:\/\/vocesparalelas.com.ar\/sitio\/wp-json\/wp\/v2\/comments?post=96734"}],"version-history":[{"count":1,"href":"https:\/\/vocesparalelas.com.ar\/sitio\/wp-json\/wp\/v2\/posts\/96734\/revisions"}],"predecessor-version":[{"id":96738,"href":"https:\/\/vocesparalelas.com.ar\/sitio\/wp-json\/wp\/v2\/posts\/96734\/revisions\/96738"}],"wp:featuredmedia":[{"embeddable":true,"href":"https:\/\/vocesparalelas.com.ar\/sitio\/wp-json\/wp\/v2\/media\/96737"}],"wp:attachment":[{"href":"https:\/\/vocesparalelas.com.ar\/sitio\/wp-json\/wp\/v2\/media?parent=96734"}],"wp:term":[{"taxonomy":"category","embeddable":true,"href":"https:\/\/vocesparalelas.com.ar\/sitio\/wp-json\/wp\/v2\/categories?post=96734"},{"taxonomy":"post_tag","embeddable":true,"href":"https:\/\/vocesparalelas.com.ar\/sitio\/wp-json\/wp\/v2\/tags?post=96734"}],"curies":[{"name":"wp","href":"https:\/\/api.w.org\/{rel}","templated":true}]}}