{"id":96728,"date":"2026-02-12T23:47:23","date_gmt":"2026-02-13T02:47:23","guid":{"rendered":"https:\/\/vocesparalelas.com.ar\/sitio\/?p=96728"},"modified":"2026-02-13T20:08:55","modified_gmt":"2026-02-13T23:08:55","slug":"nueva-propuesta-salarial-del-gobierno-de-san-juan-para-los-docentes","status":"publish","type":"post","link":"https:\/\/vocesparalelas.com.ar\/sitio\/nueva-propuesta-salarial-del-gobierno-de-san-juan-para-los-docentes\/","title":{"rendered":"Nueva Propuesta Salarial del Gobierno de San Juan para los docentes"},"content":{"rendered":"<p>En la Ciudad de San Juan, el Jueves, 12 de Febrero, se reanud\u00f3 la Paritaria Docente 2026, en la sala del Ministerio de Educaci\u00f3n del Gobierno de San Juan.<\/p>\n<p>En ella, participaron la Ministra de Educaci\u00f3n, Lic. Silvia Fuentes, el Ministro de Econom\u00eda, Finanzas y Hacienda, CPN Roberto Guti\u00e9rrez, el Secretario General de la Gobernaci\u00f3n, Lic. Emilio Achem y la Secretaria General de UDAP, Lic. Patricia Quiroga, la Secretaria General de UDA, Prof. Karina Navarro, la Asociaci\u00f3n del Magisterio de Ense\u00f1anza T\u00e9cnica, el Secretario General Prof. Daniel Quiroga y dem\u00e1s representantes de las partes.<\/p>\n<p><iframe loading=\"lazy\" title=\"SAN JUAN PARITARIA DOCENTE\" width=\"800\" height=\"450\" src=\"https:\/\/www.youtube.com\/embed\/1JNzk5SNjn8?feature=oembed\" frameborder=\"0\" allow=\"accelerometer; autoplay; clipboard-write; encrypted-media; gyroscope; picture-in-picture; web-share\" referrerpolicy=\"strict-origin-when-cross-origin\" allowfullscreen><\/iframe><\/p>\n<p>Se deja constancia que la integraci\u00f3n personal de cada Asociaci\u00f3n Sindical no afecta ni modifica el valor de la cantidad de votos de cada una previsto en el Decreto N\u00b0 121-2007.<\/p>\n<p>Se inici\u00f3 la sesi\u00f3n, la Ministro de Educaci\u00f3n, Lic. Silvia Fuentes, dio la bienvenida a las partes, acto seguido comenz\u00f3 un complejo y extenso debate en el cual la parte empleadora informa que:<\/p>\n<ul>\n<li>Se pagar\u00e1 con el sueldo de febrero equipamiento docente por un monto de ciento veintiocho mil ochocientos uno con 76\/100 pesos ($128.801.76).<\/li>\n<\/ul>\n<p><strong><span style=\"color: #ff6600;\">Que la propuesta salarial, consiste en:<\/span><\/strong><\/p>\n<ul>\n<li>Incremento para el mes de marzo de 2026 en el valor \u00cdndice del 5%, con base del valor \u00edndice de diciembre 2025.<\/li>\n<li>Incremento en 2 puntos el c\u00f3digo E60 para el mes de marzo.<\/li>\n<li>Incremento en 2 puntos el c\u00f3digo E60 para el mes de abril.<\/li>\n<li>Incremento en 2 puntos el c\u00f3digo 50 para el mes de mayo.<\/li>\n<li>Incremento para el mes de junio de 2026 en el valor \u00cdndice del 5%, con base del valor \u00cdndice de marzo 2026.<\/li>\n<\/ul>\n<p><strong><span style=\"color: #ff6600;\">Luego de un cuarto intermedio, la parte sindical realiza la siguiente contrapropuesta:<\/span><\/strong><\/p>\n<ul>\n<li>Incremento para el mes de marzo, abril y mayo de 2026 en el valor \u00edndice.<\/li>\n<li>Incremento de puntos en los cargos del nomenclador docente.<\/li>\n<li>Incremento porcentual en el \u00cdtem antig\u00fcedad docente.<\/li>\n<li>Incremento porcentual en los c\u00f3digos E60 y E66.<\/li>\n<\/ul>\n<p><strong><span style=\"color: #ff6600;\">La parte empleadora solicita un cuarto intermedio para analizar la propuesta de la parte sindical. Como resultado de lo cual formula una segunda propuesta superadora:<\/span><\/strong><\/p>\n<ul>\n<li>Elevar la ayuda escolar a cien mil pesos ($100.000,00) por hijo, pagadero con el salario de febrero.<\/li>\n<li>Incrementar para el mes de marzo de 2026 el valor \u00edndice en 5%, con base del valor \u00cdndice de diciembre 2025.<\/li>\n<li>Incrementar en 6 puntos el c\u00f3digo E60 para el mes de marzo.<\/li>\n<li>Incrementar para el mes de junio de 2026 el valor \u00edndice en 5%, con base del valor \u00edndice de marzo 2026.<\/li>\n<\/ul>\n<p>La parte sindical expresa que bajar\u00e1 a sus organismos estatutarios la propuesta precedente. Solicitando tambi\u00e9n que el Gobierno informe a la comunidad, especialmente a los docentes, sobre la situaci\u00f3n de las cuentas p\u00fablicas provinciales, relacionadas con las pol\u00edticas nacionales.<\/p>\n<p>Sin perjuicio de lo expresado la parte sindical sostiene que la paritaria es el \u00e1mbito exclusivo para garantizar que el salario docente supere la l\u00ednea de pobreza.<\/p>\n<p>Dado que el Ejecutivo Provincial define a la Educaci\u00f3n como uno de los ejes centrales de la gesti\u00f3n. La parte sindical expresa que la recomposici\u00f3n salarial brindar\u00e1 las condiciones que garanticen el inicio del ciclo lectivo con paz social.<\/p>\n<p>Las partes de com\u00fan acuerdo deciden pasar a un cuarto intermedio para el d\u00eda 20 de Febrero de 2026, a las 14 horas.<\/p>\n<p>Cabe recordar que San Juan fue una de las primeras provincias del pa\u00eds en iniciar las paritarias con gremios docentes, entendiendo a la educaci\u00f3n como uno de los ejes centrales de la gesti\u00f3n y buscando garantizar el inicio del comienzo del Ciclo Lectivo 2026 el 2 de Marzo.<\/p>\n<p><img loading=\"lazy\" decoding=\"async\" class=\"alignnone size-full wp-image-65642\" src=\"https:\/\/vocesparalelas.com.ar\/sitio\/wp-content\/uploads\/2023\/11\/GOBIERNO-SAN-JUAN.jpg\" alt=\"\" width=\"800\" height=\"600\" srcset=\"https:\/\/vocesparalelas.com.ar\/sitio\/wp-content\/uploads\/2023\/11\/GOBIERNO-SAN-JUAN.jpg 800w, https:\/\/vocesparalelas.com.ar\/sitio\/wp-content\/uploads\/2023\/11\/GOBIERNO-SAN-JUAN-300x225.jpg 300w, https:\/\/vocesparalelas.com.ar\/sitio\/wp-content\/uploads\/2023\/11\/GOBIERNO-SAN-JUAN-768x576.jpg 768w\" sizes=\"auto, (max-width: 800px) 100vw, 800px\" \/><\/p>\n","protected":false},"excerpt":{"rendered":"<p>En la Ciudad de San Juan, el Jueves, 12 de Febrero, se reanud\u00f3 la Paritaria Docente 2026, en la sala<\/p>\n","protected":false},"author":3,"featured_media":96731,"comment_status":"closed","ping_status":"closed","sticky":false,"template":"","format":"standard","meta":{"_acf_changed":false,"_seopress_robots_primary_cat":"none","_seopress_titles_title":"","_seopress_titles_desc":"","_seopress_robots_index":"","colormag_page_container_layout":"default_layout","colormag_page_sidebar_layout":"default_layout","footnotes":""},"categories":[5,7],"tags":[],"class_list":["post-96728","post","type-post","status-publish","format-standard","has-post-thumbnail","hentry","category-ofrecimientos","category-videos"],"acf":[],"_links":{"self":[{"href":"https:\/\/vocesparalelas.com.ar\/sitio\/wp-json\/wp\/v2\/posts\/96728","targetHints":{"allow":["GET"]}}],"collection":[{"href":"https:\/\/vocesparalelas.com.ar\/sitio\/wp-json\/wp\/v2\/posts"}],"about":[{"href":"https:\/\/vocesparalelas.com.ar\/sitio\/wp-json\/wp\/v2\/types\/post"}],"author":[{"embeddable":true,"href":"https:\/\/vocesparalelas.com.ar\/sitio\/wp-json\/wp\/v2\/users\/3"}],"replies":[{"embeddable":true,"href":"https:\/\/vocesparalelas.com.ar\/sitio\/wp-json\/wp\/v2\/comments?post=96728"}],"version-history":[{"count":1,"href":"https:\/\/vocesparalelas.com.ar\/sitio\/wp-json\/wp\/v2\/posts\/96728\/revisions"}],"predecessor-version":[{"id":96732,"href":"https:\/\/vocesparalelas.com.ar\/sitio\/wp-json\/wp\/v2\/posts\/96728\/revisions\/96732"}],"wp:featuredmedia":[{"embeddable":true,"href":"https:\/\/vocesparalelas.com.ar\/sitio\/wp-json\/wp\/v2\/media\/96731"}],"wp:attachment":[{"href":"https:\/\/vocesparalelas.com.ar\/sitio\/wp-json\/wp\/v2\/media?parent=96728"}],"wp:term":[{"taxonomy":"category","embeddable":true,"href":"https:\/\/vocesparalelas.com.ar\/sitio\/wp-json\/wp\/v2\/categories?post=96728"},{"taxonomy":"post_tag","embeddable":true,"href":"https:\/\/vocesparalelas.com.ar\/sitio\/wp-json\/wp\/v2\/tags?post=96728"}],"curies":[{"name":"wp","href":"https:\/\/api.w.org\/{rel}","templated":true}]}}