{"id":96715,"date":"2026-02-02T21:40:13","date_gmt":"2026-02-03T00:40:13","guid":{"rendered":"https:\/\/vocesparalelas.com.ar\/sitio\/?p=96715"},"modified":"2026-02-28T00:10:51","modified_gmt":"2026-02-28T03:10:51","slug":"disfruta-en-familia-tardecitas-de-verano-2026-en-rivadavia","status":"publish","type":"post","link":"https:\/\/vocesparalelas.com.ar\/sitio\/disfruta-en-familia-tardecitas-de-verano-2026-en-rivadavia\/","title":{"rendered":"Disfruta en Familia \u201cTardecitas de Verano 2026\u201d en Rivadavia"},"content":{"rendered":"<p>El intendente de la Ciudad de Rivadavia, Sergio Miodowsky, dio a conocer los detalles de una nueva edici\u00f3n de \u201cTardecitas de Verano 2026\u201d, una propuesta recreativa y cultural destinada a generar espacios de encuentro para las familias sanjuaninas durante la temporada de vacaciones, el Domingo, 22 de Febrero, a partir de las 17 horas, en el Parque de Rivadavia, con acceso libre y gratuito..<\/p>\n<p><iframe loading=\"lazy\" title=\"RIVADAVIA INTENDENTE SERGIO MIODOWSKY \" width=\"800\" height=\"450\" src=\"https:\/\/www.youtube.com\/embed\/o3MThMa3NKg?feature=oembed\" frameborder=\"0\" allow=\"accelerometer; autoplay; clipboard-write; encrypted-media; gyroscope; picture-in-picture; web-share\" referrerpolicy=\"strict-origin-when-cross-origin\" allowfullscreen><\/iframe><\/p>\n<p>&nbsp;<\/p>\n<p>\u201cTardecitas de Verano\u201d se enmarca dentro de la agenda cultural y recreativa que la Municipalidad de Rivadavia viene impulsando con el objetivo generar propuestas que convoquen a sanjuaninos de todas las edades. La jornada incluir\u00e1 distintas expresiones art\u00edsticas, espacios de recreaci\u00f3n y actividades pensadas para compartir una tarde diferente. Adem\u00e1s, habr\u00e1 feria de emprendedores y stand de comidas.<\/p>\n<p><img loading=\"lazy\" decoding=\"async\" class=\"alignnone size-large wp-image-15197\" src=\"https:\/\/vocesparalelas.com.ar\/sitio\/wp-content\/uploads\/2018\/09\/PARQUE-DE-RIVADAVIA-01-800x600.jpg\" alt=\"\" width=\"800\" height=\"600\" srcset=\"https:\/\/vocesparalelas.com.ar\/sitio\/wp-content\/uploads\/2018\/09\/PARQUE-DE-RIVADAVIA-01-800x600.jpg 800w, https:\/\/vocesparalelas.com.ar\/sitio\/wp-content\/uploads\/2018\/09\/PARQUE-DE-RIVADAVIA-01-300x225.jpg 300w, https:\/\/vocesparalelas.com.ar\/sitio\/wp-content\/uploads\/2018\/09\/PARQUE-DE-RIVADAVIA-01-768x576.jpg 768w, https:\/\/vocesparalelas.com.ar\/sitio\/wp-content\/uploads\/2018\/09\/PARQUE-DE-RIVADAVIA-01.jpg 1000w\" sizes=\"auto, (max-width: 800px) 100vw, 800px\" \/><\/p>\n","protected":false},"excerpt":{"rendered":"<p>El intendente de la Ciudad de Rivadavia, Sergio Miodowsky, dio a conocer los detalles de una nueva edici\u00f3n de \u201cTardecitas<\/p>\n","protected":false},"author":3,"featured_media":96718,"comment_status":"closed","ping_status":"closed","sticky":false,"template":"","format":"standard","meta":{"_acf_changed":false,"_seopress_robots_primary_cat":"none","_seopress_titles_title":"","_seopress_titles_desc":"","_seopress_robots_index":"","colormag_page_container_layout":"default_layout","colormag_page_sidebar_layout":"default_layout","footnotes":""},"categories":[2,7],"tags":[],"class_list":["post-96715","post","type-post","status-publish","format-standard","has-post-thumbnail","hentry","category-convocatorias","category-videos"],"acf":[],"_links":{"self":[{"href":"https:\/\/vocesparalelas.com.ar\/sitio\/wp-json\/wp\/v2\/posts\/96715","targetHints":{"allow":["GET"]}}],"collection":[{"href":"https:\/\/vocesparalelas.com.ar\/sitio\/wp-json\/wp\/v2\/posts"}],"about":[{"href":"https:\/\/vocesparalelas.com.ar\/sitio\/wp-json\/wp\/v2\/types\/post"}],"author":[{"embeddable":true,"href":"https:\/\/vocesparalelas.com.ar\/sitio\/wp-json\/wp\/v2\/users\/3"}],"replies":[{"embeddable":true,"href":"https:\/\/vocesparalelas.com.ar\/sitio\/wp-json\/wp\/v2\/comments?post=96715"}],"version-history":[{"count":1,"href":"https:\/\/vocesparalelas.com.ar\/sitio\/wp-json\/wp\/v2\/posts\/96715\/revisions"}],"predecessor-version":[{"id":96719,"href":"https:\/\/vocesparalelas.com.ar\/sitio\/wp-json\/wp\/v2\/posts\/96715\/revisions\/96719"}],"wp:featuredmedia":[{"embeddable":true,"href":"https:\/\/vocesparalelas.com.ar\/sitio\/wp-json\/wp\/v2\/media\/96718"}],"wp:attachment":[{"href":"https:\/\/vocesparalelas.com.ar\/sitio\/wp-json\/wp\/v2\/media?parent=96715"}],"wp:term":[{"taxonomy":"category","embeddable":true,"href":"https:\/\/vocesparalelas.com.ar\/sitio\/wp-json\/wp\/v2\/categories?post=96715"},{"taxonomy":"post_tag","embeddable":true,"href":"https:\/\/vocesparalelas.com.ar\/sitio\/wp-json\/wp\/v2\/tags?post=96715"}],"curies":[{"name":"wp","href":"https:\/\/api.w.org\/{rel}","templated":true}]}}