{"id":96711,"date":"2026-02-12T20:58:10","date_gmt":"2026-02-12T23:58:10","guid":{"rendered":"https:\/\/vocesparalelas.com.ar\/sitio\/?p=96711"},"modified":"2026-02-13T20:58:22","modified_gmt":"2026-02-13T23:58:22","slug":"embarazadas-de-san-juan-reciben-la-vacuna-contra-el-vsr","status":"publish","type":"post","link":"https:\/\/vocesparalelas.com.ar\/sitio\/embarazadas-de-san-juan-reciben-la-vacuna-contra-el-vsr\/","title":{"rendered":"Embarazadas de San Juan reciben la vacuna contra el VSR"},"content":{"rendered":"<p>A un mes del lanzamiento de la vacuna contra el virus sincicial respiratorio, San Juan ya inmuniz\u00f3 a 700 embarazadas. La provincia refuerza el calendario nacional, adelanta la triple viral y sostiene operativos en territorio para ampliar coberturas en todas las edades.<\/p>\n<p>La jefa del Programa Provincial de Inmunizaciones del Ministerio de Salud del Gobierno de San Juan, Dra. Fernanda Paredes manifest\u00f3 ya se han vacunado 700 embarazadas contra el virus sincicial respiratorio, es decir que ya 700 peque\u00f1os van a estar protegidos contra la bronquiolitis\u201d<\/p>\n<p>La vacuna contra el virus sincicial respiratorio est\u00e1 destinada a embarazadas, entre la semana 32 a la 36 semanas de gestaci\u00f3n, con el objetivo de transferir anticuerpos al beb\u00e9 antes de nacer. De esta manera, se brinda protecci\u00f3n en los primeros meses de vida, etapa en la que las infecciones respiratorias pueden ser m\u00e1s graves.<\/p>\n<p>Esta estrategia se suma a otras vacunas indicadas durante el embarazo, como la antigripal, cuya cobertura en 2025 super\u00f3 el 100% de la poblaci\u00f3n objetivo en la provincia. Adem\u00e1s, la vacunaci\u00f3n del personal de salud tambi\u00e9n mostr\u00f3 un crecimiento significativo, fortaleciendo la protecci\u00f3n de los pacientes y de los propios equipos sanitarios.<\/p>\n<p><span style=\"color: #ff0000;\"><strong>Cambios en el calendario nacional 2026<\/strong><\/span><\/p>\n<p>Desde el primero de enero de 2026 entraron en vigencia modificaciones en el Calendario Nacional de Vacunaci\u00f3n. En San Juan, el primer paso fue capacitar y fortalecer a los equipos de salud para garantizar la correcta implementaci\u00f3n de los cambios.<\/p>\n<p>La principal novedad es el adelantamiento del refuerzo de la vacuna triple viral. Hasta ahora, una de las dosis se aplicaba al ingreso escolar; con la nueva disposici\u00f3n, se administra entre los 15 y 18 meses de edad para los ni\u00f1os nacidos a partir de junio de 2024.<\/p>\n<p>De esta manera, el esquema queda conformado con una primera dosis al a\u00f1o de vida y un refuerzo a los quince meses. El objetivo es que los ni\u00f1os cuenten con protecci\u00f3n completa antes de los 5 a\u00f1os y antes del inicio de campa\u00f1as nacionales o del ingreso al sistema escolar.<\/p>\n<p>Las vacunas del calendario nacional est\u00e1n disponibles en todos los centros de salud de la provincia, tanto del sector p\u00fablico como del sector privado.<\/p>\n<p>Las autoridades sanitarias insisten en la importancia de acercarse con el carnet de vacunaci\u00f3n para verificar esquemas y completar dosis pendientes. La vacunaci\u00f3n es gratuita y obligatoria, y constituye una herramienta clave de prevenci\u00f3n.<\/p>\n<p>En cuanto a la vacunaci\u00f3n antigripal 2026, la provincia se encuentra preparada y a la espera de la confirmaci\u00f3n oficial por parte de Naci\u00f3n sobre la fecha de distribuci\u00f3n. Las dosis ya se encuentran en el pa\u00eds, por lo que no se prev\u00e9n demoras en su llegada.<\/p>\n<p>Mientras tanto, hasta el 28 de Febrero contin\u00faa disponible la vacuna antigripal para mayores de 65 a\u00f1os que a\u00fan no hayan recibido su dosis correspondiente.<\/p>\n<p><strong><span style=\"color: #ff0000;\">Ingreso escolar y trabajo territorial<\/span><\/strong><\/p>\n<p>Con el inicio del ciclo lectivo, la cartera sanitaria refuerza la importancia de completar el calendario, especialmente en ni\u00f1os que ingresan al sistema escolar. Durante todo el a\u00f1o se desarrollan operativos para garantizar que los peque\u00f1os lleguen al aula con sus esquemas al d\u00eda.<\/p>\n<p>Este verano se trabaj\u00f3 intensamente en colonias, jardines de cosecha y espacios recreativos tanto p\u00fablicos como privados.<\/p>\n<p><span style=\"color: #ff0000;\"><strong>Adolescencia y otras etapas<\/strong><\/span><\/p>\n<p>La estrategia de inmunizaci\u00f3n tambi\u00e9n contempla a los adolescentes, especialmente en el grupo de 10 a 11 a\u00f1os, donde se aplican vacunas claves para reforzar la protecci\u00f3n antes de la adultez. Las coberturas han mostrado mejoras sostenidas, aunque las autoridades remarcan la necesidad de continuar trabajando para alcanzar y sostener altos niveles en todos los grupos etarios.<\/p>\n<p>&nbsp;<\/p>\n<p><img loading=\"lazy\" decoding=\"async\" class=\"alignnone size-full wp-image-65642\" src=\"https:\/\/vocesparalelas.com.ar\/sitio\/wp-content\/uploads\/2023\/11\/GOBIERNO-SAN-JUAN.jpg\" alt=\"\" width=\"800\" height=\"600\" srcset=\"https:\/\/vocesparalelas.com.ar\/sitio\/wp-content\/uploads\/2023\/11\/GOBIERNO-SAN-JUAN.jpg 800w, https:\/\/vocesparalelas.com.ar\/sitio\/wp-content\/uploads\/2023\/11\/GOBIERNO-SAN-JUAN-300x225.jpg 300w, https:\/\/vocesparalelas.com.ar\/sitio\/wp-content\/uploads\/2023\/11\/GOBIERNO-SAN-JUAN-768x576.jpg 768w\" sizes=\"auto, (max-width: 800px) 100vw, 800px\" \/><\/p>\n","protected":false},"excerpt":{"rendered":"<p>A un mes del lanzamiento de la vacuna contra el virus sincicial respiratorio, San Juan ya inmuniz\u00f3 a 700 embarazadas.<\/p>\n","protected":false},"author":3,"featured_media":95702,"comment_status":"closed","ping_status":"closed","sticky":false,"template":"","format":"standard","meta":{"_acf_changed":false,"_seopress_robots_primary_cat":"none","_seopress_titles_title":"","_seopress_titles_desc":"","_seopress_robots_index":"","colormag_page_container_layout":"default_layout","colormag_page_sidebar_layout":"default_layout","footnotes":""},"categories":[6],"tags":[],"class_list":["post-96711","post","type-post","status-publish","format-standard","has-post-thumbnail","hentry","category-eventos"],"acf":[],"_links":{"self":[{"href":"https:\/\/vocesparalelas.com.ar\/sitio\/wp-json\/wp\/v2\/posts\/96711","targetHints":{"allow":["GET"]}}],"collection":[{"href":"https:\/\/vocesparalelas.com.ar\/sitio\/wp-json\/wp\/v2\/posts"}],"about":[{"href":"https:\/\/vocesparalelas.com.ar\/sitio\/wp-json\/wp\/v2\/types\/post"}],"author":[{"embeddable":true,"href":"https:\/\/vocesparalelas.com.ar\/sitio\/wp-json\/wp\/v2\/users\/3"}],"replies":[{"embeddable":true,"href":"https:\/\/vocesparalelas.com.ar\/sitio\/wp-json\/wp\/v2\/comments?post=96711"}],"version-history":[{"count":1,"href":"https:\/\/vocesparalelas.com.ar\/sitio\/wp-json\/wp\/v2\/posts\/96711\/revisions"}],"predecessor-version":[{"id":96714,"href":"https:\/\/vocesparalelas.com.ar\/sitio\/wp-json\/wp\/v2\/posts\/96711\/revisions\/96714"}],"wp:featuredmedia":[{"embeddable":true,"href":"https:\/\/vocesparalelas.com.ar\/sitio\/wp-json\/wp\/v2\/media\/95702"}],"wp:attachment":[{"href":"https:\/\/vocesparalelas.com.ar\/sitio\/wp-json\/wp\/v2\/media?parent=96711"}],"wp:term":[{"taxonomy":"category","embeddable":true,"href":"https:\/\/vocesparalelas.com.ar\/sitio\/wp-json\/wp\/v2\/categories?post=96711"},{"taxonomy":"post_tag","embeddable":true,"href":"https:\/\/vocesparalelas.com.ar\/sitio\/wp-json\/wp\/v2\/tags?post=96711"}],"curies":[{"name":"wp","href":"https:\/\/api.w.org\/{rel}","templated":true}]}}