{"id":96707,"date":"2026-02-12T20:23:58","date_gmt":"2026-02-12T23:23:58","guid":{"rendered":"https:\/\/vocesparalelas.com.ar\/sitio\/?p=96707"},"modified":"2026-02-13T13:55:54","modified_gmt":"2026-02-13T16:55:54","slug":"carta-en-transito-para-los-afiliados-de-la-osp-de-san-juan-que-viajen-a-otra-provincia","status":"publish","type":"post","link":"https:\/\/vocesparalelas.com.ar\/sitio\/carta-en-transito-para-los-afiliados-de-la-osp-de-san-juan-que-viajen-a-otra-provincia\/","title":{"rendered":"Carta en Tr\u00e1nsito para los Afiliados de la OSP de San Juan que viajen a otra provincia"},"content":{"rendered":"<p>Los afiliados de Obra Social Provincia &#8211; OSP &#8211; del Ministerio de Salud del Gobierno de San Juan que necesiten ausentarse de la provincia es indispensable que tramiten la Carta en Tr\u00e1nsito. Este documento se utiliza \u00fanicamente en caso de que surja una urgencia m\u00e9dica durante su estada en otra provincia.<\/p>\n<p><span style=\"color: #ff6600;\"><strong>\u00bfC\u00f3mo tramitarla?<\/strong><\/span><\/p>\n<p>Antes del viaje, debe acercarse al \u00e1rea de\u00a0Derivaciones y Tr\u00e1nsitos\u00a0ubicada en el primer piso de la sede central de OSP, en el horario de\u00a07:30 a 13:00 hs.<\/p>\n<p><span style=\"color: #ff6600;\"><strong>Importante<\/strong><\/span><\/p>\n<ul>\n<li>Los afiliados activos (titulares) deben presentar\u00a0un garante\u00a0(empleado p\u00fablico).<\/li>\n<li>Los afiliados (titulares) jubilados y pensionados deben presentar\u00a0dos garantes\u00a0(empleados p\u00fablicos).<\/li>\n<li>Los afiliados del Centro Comercial de Santa Luc\u00eda o Federaci\u00f3n de Vi\u00f1ateros deben contar con la firma de una autoridad de la entidad a la que pertenecen.<\/li>\n<li>No pueden actuar como garantes personas con cargo pol\u00edtico, jubilados, pensionados o afiliados del Centro Comercial de Santa Luc\u00eda.<\/li>\n<\/ul>\n<p><span style=\"color: #ff6600;\"><strong>Requisitos para solicitar la Carta en Tr\u00e1nsito<\/strong><\/span><br \/>\n(El titular y los garantes deben presentarse personalmente para firmar)<\/p>\n<ol>\n<li>Dos fotocopias del carnet de Obra Social\u00a0del afiliado directo y, si corresponde, de los indirectos (una copia).<\/li>\n<li>Dos fotocopias del recibo de sueldo\u00a0del afiliado directo.<\/li>\n<li>Dos fotocopias de boletas de servicio\u00a0para verificar el domicilio.<\/li>\n<li>Dos fotocopias del DNI\u00a0del afiliado directo y una fotocopia de los indirectos (si corresponde).<\/li>\n<li>Una fotocopia de boleta de servicio o factura\u00a0con el domicilio actual (para verificar el domicilio).<\/li>\n<\/ol>\n<p><span style=\"color: #ff6600;\"><strong>Compromiso de pago (requisitos para garantes):<\/strong><\/span><\/p>\n<ol>\n<li>Una fotocopia del carnet de Obra Social\u00a0del afiliado directo.<\/li>\n<li>Una fotocopia del recibo de sueldo\u00a0del afiliado directo.<\/li>\n<li>Una fotocopia del DNI\u00a0del afiliado directo.<\/li>\n<li>Una fotocopia de boleta de servicio o factura\u00a0con el domicilio actual (para verificar el domicilio).<\/li>\n<\/ol>\n<ul>\n<li>Los titulares jubilados y pensionados deben presentar\u00a0<strong>dos garant\u00edas<\/strong>\u00a0(empleados p\u00fablicos).<\/li>\n<li>Los afiliados del Centro Comercial de Santa Luc\u00eda o Federaci\u00f3n de Vi\u00f1ateros deben contar con la firma de una autoridad de la entidad a la que pertenecen.<\/li>\n<li>No pueden actuar como garant\u00edas personas con cargo pol\u00edtico, jubilados, pensionados o afiliados del Centro Comercial de Santa Luc\u00eda.<\/li>\n<\/ul>\n<p><span style=\"color: #ff6600;\"><strong>Gesti\u00f3n del compromiso de pago<\/strong><\/span><\/p>\n<p>Dirigirse al \u00e1rea de\u00a0Tesorer\u00eda para la firma y asesoramiento. Esta se encuentra en la planta baja, ala Sur de la sede central.<br \/>\nTel\u00e9fono:\u00a04304300 interno 4508<br \/>\nWhatsApp:\u00a02646607055<\/p>\n<p>&nbsp;<\/p>\n<p><img loading=\"lazy\" decoding=\"async\" class=\"alignnone size-full wp-image-53683\" src=\"https:\/\/vocesparalelas.com.ar\/sitio\/wp-content\/uploads\/2022\/10\/OSP-EDIFICIO.jpg\" alt=\"\" width=\"800\" height=\"600\" srcset=\"https:\/\/vocesparalelas.com.ar\/sitio\/wp-content\/uploads\/2022\/10\/OSP-EDIFICIO.jpg 800w, https:\/\/vocesparalelas.com.ar\/sitio\/wp-content\/uploads\/2022\/10\/OSP-EDIFICIO-300x225.jpg 300w, https:\/\/vocesparalelas.com.ar\/sitio\/wp-content\/uploads\/2022\/10\/OSP-EDIFICIO-768x576.jpg 768w\" sizes=\"auto, (max-width: 800px) 100vw, 800px\" \/><\/p>\n","protected":false},"excerpt":{"rendered":"<p>Los afiliados de Obra Social Provincia &#8211; OSP &#8211; del Ministerio de Salud del Gobierno de San Juan que necesiten<\/p>\n","protected":false},"author":3,"featured_media":26282,"comment_status":"closed","ping_status":"closed","sticky":false,"template":"","format":"standard","meta":{"_acf_changed":false,"_seopress_robots_primary_cat":"none","_seopress_titles_title":"","_seopress_titles_desc":"","_seopress_robots_index":"","colormag_page_container_layout":"default_layout","colormag_page_sidebar_layout":"default_layout","footnotes":""},"categories":[2],"tags":[],"class_list":["post-96707","post","type-post","status-publish","format-standard","has-post-thumbnail","hentry","category-convocatorias"],"acf":[],"_links":{"self":[{"href":"https:\/\/vocesparalelas.com.ar\/sitio\/wp-json\/wp\/v2\/posts\/96707","targetHints":{"allow":["GET"]}}],"collection":[{"href":"https:\/\/vocesparalelas.com.ar\/sitio\/wp-json\/wp\/v2\/posts"}],"about":[{"href":"https:\/\/vocesparalelas.com.ar\/sitio\/wp-json\/wp\/v2\/types\/post"}],"author":[{"embeddable":true,"href":"https:\/\/vocesparalelas.com.ar\/sitio\/wp-json\/wp\/v2\/users\/3"}],"replies":[{"embeddable":true,"href":"https:\/\/vocesparalelas.com.ar\/sitio\/wp-json\/wp\/v2\/comments?post=96707"}],"version-history":[{"count":1,"href":"https:\/\/vocesparalelas.com.ar\/sitio\/wp-json\/wp\/v2\/posts\/96707\/revisions"}],"predecessor-version":[{"id":96710,"href":"https:\/\/vocesparalelas.com.ar\/sitio\/wp-json\/wp\/v2\/posts\/96707\/revisions\/96710"}],"wp:featuredmedia":[{"embeddable":true,"href":"https:\/\/vocesparalelas.com.ar\/sitio\/wp-json\/wp\/v2\/media\/26282"}],"wp:attachment":[{"href":"https:\/\/vocesparalelas.com.ar\/sitio\/wp-json\/wp\/v2\/media?parent=96707"}],"wp:term":[{"taxonomy":"category","embeddable":true,"href":"https:\/\/vocesparalelas.com.ar\/sitio\/wp-json\/wp\/v2\/categories?post=96707"},{"taxonomy":"post_tag","embeddable":true,"href":"https:\/\/vocesparalelas.com.ar\/sitio\/wp-json\/wp\/v2\/tags?post=96707"}],"curies":[{"name":"wp","href":"https:\/\/api.w.org\/{rel}","templated":true}]}}