{"id":96643,"date":"2026-02-11T12:37:30","date_gmt":"2026-02-11T15:37:30","guid":{"rendered":"https:\/\/vocesparalelas.com.ar\/sitio\/?p=96643"},"modified":"2026-02-12T00:04:30","modified_gmt":"2026-02-12T03:04:30","slug":"convocatoria-al-programa-opera-training-2026-en-el-teatro-del-bicentenario-de-san-juan","status":"publish","type":"post","link":"https:\/\/vocesparalelas.com.ar\/sitio\/convocatoria-al-programa-opera-training-2026-en-el-teatro-del-bicentenario-de-san-juan\/","title":{"rendered":"Convocatoria al Programa Opera Training 2026 en el Teatro del Bicentenario de San Juan"},"content":{"rendered":"<p>El Teatro del Bicentenario del Ministerio de Turismo, Cultura y Deporte del \u00a0Gobierno de San Juan\u00a0abre la convocatoria para integrar el Programa Opera Training &#8211; Temporada 2026, una propuesta de formaci\u00f3n anual\u00a0destinada a cantantes l\u00edricos\u00a0que deseen profundizar su desarrollo t\u00e9cnico, vocal y esc\u00e9nico en un entorno profesional.<\/p>\n<p>La audici\u00f3n se realiza el Martes, 10 de Marzo, con horario a confirmar, y la inscripci\u00f3n permanece abierta hasta el 27 de Febrero, a las 12 h.<\/p>\n<p>El TB impulsa este programa con el objetivo de favorecer la inserci\u00f3n profesional de int\u00e9rpretes l\u00edricos. As\u00ed, el Opera Training est\u00e1 dirigido por la reconocida soprano Ver\u00f3nica Cangemi\u00a0y contar\u00e1 con un destacado equipo de maestras integrado por Beatriz Fornabaio, a cargo de t\u00e9cnica vocal, y Teresa D\u2019Amico, responsable del repertorio. A lo largo del a\u00f1o, los participantes acceder\u00e1n a instancias de formaci\u00f3n especializada y pr\u00e1cticas art\u00edstico-esc\u00e9nicas, consolidando su aprendizaje en contacto directo con el quehacer l\u00edrico profesional.<\/p>\n<p>La audici\u00f3n est\u00e1\u00a0dirigida a personas mayores de 18 a\u00f1os que cuenten con talento musical y vocal, formaci\u00f3n musical de base, lectura musical avanzada, buena lectura a primera vista, conocimientos de ejecuci\u00f3n instrumental y musicalidad y antecedentes art\u00edsticos m\u00ednimos, no excluyentes.<\/p>\n<p>Como parte de la inscripci\u00f3n, los postulantes deben presentar una nota de intenci\u00f3n, en la que expliquen brevemente los motivos por los cuales desean integrar el Programa Opera Training 2026.<\/p>\n<p>Para inscribirse,\u00a0las personas interesadas deber\u00e1n ingresar a teatrodelbicentenariosanjuan.org, secci\u00f3n \u201cForma parte\u201d, Programa Opera Training, y completar el formulario.<\/p>\n<p>El inicio del programa anual est\u00e1 previsto para el 11 de marzo. Las clases se dictan los Martes, de 17 a 20 hs. y los Mi\u00e9rcoles, de 10 a 16:30 hs.<\/p>\n<p><span style=\"color: #ff6600;\"><strong>Para m\u00e1s informaci\u00f3n y consultas<\/strong><\/span><\/p>\n<p><span id=\"cloakd4b8d0dd3ed4a0817c06a0ddac32451e\"><a href=\"mailto:audiciones.teatrobicentenario@gmail.com\">audiciones.teatrobicentenario@gmail.com<\/a><\/span><\/p>\n<p>&nbsp;<\/p>\n<p><img loading=\"lazy\" decoding=\"async\" class=\"alignnone size-large wp-image-21666\" src=\"https:\/\/vocesparalelas.com.ar\/sitio\/wp-content\/uploads\/2019\/06\/TEATRO-BICENTENARIO-10-800x600.jpg\" alt=\"\" width=\"800\" height=\"600\" srcset=\"https:\/\/vocesparalelas.com.ar\/sitio\/wp-content\/uploads\/2019\/06\/TEATRO-BICENTENARIO-10-800x600.jpg 800w, https:\/\/vocesparalelas.com.ar\/sitio\/wp-content\/uploads\/2019\/06\/TEATRO-BICENTENARIO-10-300x225.jpg 300w, https:\/\/vocesparalelas.com.ar\/sitio\/wp-content\/uploads\/2019\/06\/TEATRO-BICENTENARIO-10-768x576.jpg 768w, https:\/\/vocesparalelas.com.ar\/sitio\/wp-content\/uploads\/2019\/06\/TEATRO-BICENTENARIO-10.jpg 1000w\" sizes=\"auto, (max-width: 800px) 100vw, 800px\" \/><\/p>\n","protected":false},"excerpt":{"rendered":"<p>El Teatro del Bicentenario del Ministerio de Turismo, Cultura y Deporte del \u00a0Gobierno de San Juan\u00a0abre la convocatoria para integrar<\/p>\n","protected":false},"author":3,"featured_media":79926,"comment_status":"closed","ping_status":"closed","sticky":false,"template":"","format":"standard","meta":{"_acf_changed":false,"_seopress_robots_primary_cat":"none","_seopress_titles_title":"","_seopress_titles_desc":"","_seopress_robots_index":"","colormag_page_container_layout":"default_layout","colormag_page_sidebar_layout":"default_layout","footnotes":""},"categories":[2],"tags":[],"class_list":["post-96643","post","type-post","status-publish","format-standard","has-post-thumbnail","hentry","category-convocatorias"],"acf":[],"_links":{"self":[{"href":"https:\/\/vocesparalelas.com.ar\/sitio\/wp-json\/wp\/v2\/posts\/96643","targetHints":{"allow":["GET"]}}],"collection":[{"href":"https:\/\/vocesparalelas.com.ar\/sitio\/wp-json\/wp\/v2\/posts"}],"about":[{"href":"https:\/\/vocesparalelas.com.ar\/sitio\/wp-json\/wp\/v2\/types\/post"}],"author":[{"embeddable":true,"href":"https:\/\/vocesparalelas.com.ar\/sitio\/wp-json\/wp\/v2\/users\/3"}],"replies":[{"embeddable":true,"href":"https:\/\/vocesparalelas.com.ar\/sitio\/wp-json\/wp\/v2\/comments?post=96643"}],"version-history":[{"count":1,"href":"https:\/\/vocesparalelas.com.ar\/sitio\/wp-json\/wp\/v2\/posts\/96643\/revisions"}],"predecessor-version":[{"id":96646,"href":"https:\/\/vocesparalelas.com.ar\/sitio\/wp-json\/wp\/v2\/posts\/96643\/revisions\/96646"}],"wp:featuredmedia":[{"embeddable":true,"href":"https:\/\/vocesparalelas.com.ar\/sitio\/wp-json\/wp\/v2\/media\/79926"}],"wp:attachment":[{"href":"https:\/\/vocesparalelas.com.ar\/sitio\/wp-json\/wp\/v2\/media?parent=96643"}],"wp:term":[{"taxonomy":"category","embeddable":true,"href":"https:\/\/vocesparalelas.com.ar\/sitio\/wp-json\/wp\/v2\/categories?post=96643"},{"taxonomy":"post_tag","embeddable":true,"href":"https:\/\/vocesparalelas.com.ar\/sitio\/wp-json\/wp\/v2\/tags?post=96643"}],"curies":[{"name":"wp","href":"https:\/\/api.w.org\/{rel}","templated":true}]}}