{"id":96619,"date":"2026-02-10T18:22:35","date_gmt":"2026-02-10T21:22:35","guid":{"rendered":"https:\/\/vocesparalelas.com.ar\/sitio\/?p=96619"},"modified":"2026-02-10T18:22:35","modified_gmt":"2026-02-10T21:22:35","slug":"se-dicto-conciliacion-obligatoria-y-se-suspende-la-medida-de-fuerza-de-uta-san-juan","status":"publish","type":"post","link":"https:\/\/vocesparalelas.com.ar\/sitio\/se-dicto-conciliacion-obligatoria-y-se-suspende-la-medida-de-fuerza-de-uta-san-juan\/","title":{"rendered":"Se dict\u00f3 Conciliaci\u00f3n Obligatoria y se suspende la medida de fuerza de UTA San Juan"},"content":{"rendered":"<p>UTA seccional San Juan informa a los compa\u00f1eros de corta y media distancia y a los usuarios del transporte p\u00fablico de pasajeros que nuevamente fracas\u00f3 la negociaci\u00f3n en la audiencia del. Martes, 10 de Febrero de 2026, con FATAP.<\/p>\n<p>Ante esta situaci\u00f3n el Ministerio de Trabajo de la Naci\u00f3n dict\u00f3 Conciliaci\u00f3n obligatoria.<\/p>\n<p>Es por ello que, comunicamos que la medida de fuerza a quedado suspendida y se contin\u00faa negociando dentro del marco de la conciliaci\u00f3n dictada.<\/p>\n<p>&nbsp;<\/p>\n<p style=\"text-align: right;\">U.T.A. SEC. SAN JUAN.<\/p>\n<p style=\"text-align: right;\">JUNTA EJECUTIVA Y CUERPOS DE DELEGADOS.<\/p>\n<p style=\"text-align: right;\">HECTOR MARCELO MALDONADO SEC. GERNERAL<\/p>\n<p><img loading=\"lazy\" decoding=\"async\" class=\"alignnone size-full wp-image-69356\" src=\"https:\/\/vocesparalelas.com.ar\/sitio\/wp-content\/uploads\/2024\/02\/UTA-SAN-JUAN.jpg\" alt=\"\" width=\"800\" height=\"450\" srcset=\"https:\/\/vocesparalelas.com.ar\/sitio\/wp-content\/uploads\/2024\/02\/UTA-SAN-JUAN.jpg 800w, https:\/\/vocesparalelas.com.ar\/sitio\/wp-content\/uploads\/2024\/02\/UTA-SAN-JUAN-300x169.jpg 300w, https:\/\/vocesparalelas.com.ar\/sitio\/wp-content\/uploads\/2024\/02\/UTA-SAN-JUAN-768x432.jpg 768w\" sizes=\"auto, (max-width: 800px) 100vw, 800px\" \/><\/p>\n<p>&nbsp;<\/p>\n","protected":false},"excerpt":{"rendered":"<p>UTA seccional San Juan informa a los compa\u00f1eros de corta y media distancia y a los usuarios del transporte p\u00fablico<\/p>\n","protected":false},"author":3,"featured_media":48168,"comment_status":"closed","ping_status":"closed","sticky":false,"template":"","format":"standard","meta":{"_acf_changed":false,"_seopress_robots_primary_cat":"none","_seopress_titles_title":"","_seopress_titles_desc":"","_seopress_robots_index":"","colormag_page_container_layout":"default_layout","colormag_page_sidebar_layout":"default_layout","footnotes":""},"categories":[1],"tags":[],"class_list":["post-96619","post","type-post","status-publish","format-standard","has-post-thumbnail","hentry","category-destacadas"],"acf":[],"_links":{"self":[{"href":"https:\/\/vocesparalelas.com.ar\/sitio\/wp-json\/wp\/v2\/posts\/96619","targetHints":{"allow":["GET"]}}],"collection":[{"href":"https:\/\/vocesparalelas.com.ar\/sitio\/wp-json\/wp\/v2\/posts"}],"about":[{"href":"https:\/\/vocesparalelas.com.ar\/sitio\/wp-json\/wp\/v2\/types\/post"}],"author":[{"embeddable":true,"href":"https:\/\/vocesparalelas.com.ar\/sitio\/wp-json\/wp\/v2\/users\/3"}],"replies":[{"embeddable":true,"href":"https:\/\/vocesparalelas.com.ar\/sitio\/wp-json\/wp\/v2\/comments?post=96619"}],"version-history":[{"count":1,"href":"https:\/\/vocesparalelas.com.ar\/sitio\/wp-json\/wp\/v2\/posts\/96619\/revisions"}],"predecessor-version":[{"id":96622,"href":"https:\/\/vocesparalelas.com.ar\/sitio\/wp-json\/wp\/v2\/posts\/96619\/revisions\/96622"}],"wp:featuredmedia":[{"embeddable":true,"href":"https:\/\/vocesparalelas.com.ar\/sitio\/wp-json\/wp\/v2\/media\/48168"}],"wp:attachment":[{"href":"https:\/\/vocesparalelas.com.ar\/sitio\/wp-json\/wp\/v2\/media?parent=96619"}],"wp:term":[{"taxonomy":"category","embeddable":true,"href":"https:\/\/vocesparalelas.com.ar\/sitio\/wp-json\/wp\/v2\/categories?post=96619"},{"taxonomy":"post_tag","embeddable":true,"href":"https:\/\/vocesparalelas.com.ar\/sitio\/wp-json\/wp\/v2\/tags?post=96619"}],"curies":[{"name":"wp","href":"https:\/\/api.w.org\/{rel}","templated":true}]}}