{"id":96615,"date":"2026-02-10T13:33:37","date_gmt":"2026-02-10T16:33:37","guid":{"rendered":"https:\/\/vocesparalelas.com.ar\/sitio\/?p=96615"},"modified":"2026-02-14T23:07:44","modified_gmt":"2026-02-15T02:07:44","slug":"creditos-de-cosecha-y-acarreo-2026-del-gobierno-de-san-juan","status":"publish","type":"post","link":"https:\/\/vocesparalelas.com.ar\/sitio\/creditos-de-cosecha-y-acarreo-2026-del-gobierno-de-san-juan\/","title":{"rendered":"Cr\u00e9ditos de cosecha y acarreo 2026 del Gobierno de San Juan"},"content":{"rendered":"<p>Por primera vez en la provincia de San Juan, en los primeros d\u00edas de Febrero ya se aprobaron pedidos de cr\u00e9ditos desde Banco San Juan y desde Agencia Calidad San Juan.<\/p>\n<p>Como cada a\u00f1o, los vi\u00f1ateros y otros productores agropecuarios se ven con la necesidad de afrontar los costos de la recolecci\u00f3n y traslado de la producci\u00f3n.<\/p>\n<p>Para apoyar la actividad, el Gobierno de San Juan pone a disposici\u00f3n pr\u00e9stamos a tasas subsidiadas y plazos de devoluci\u00f3n mucho m\u00e1s convenientes que lo que ofrece el sistema bancario.<\/p>\n<p>En este marco, y por pedido expreso del Gobernador Marcelo Orrego de atender la necesidad del sector productivo, se adelant\u00f3 el lanzamiento de las l\u00edneas de cr\u00e9dito de cosecha y acarreo para apoyar a vi\u00f1ateros y productores agr\u00edcolas. Y, en ese mismo sentidos, se han aprobado una cantidad considerable de solicitudes.<\/p>\n<p>De este modo, de unas 100 solicitudes que ingresaron por Agencia Calidad San Juan hay 40 listas para recibir la financiaci\u00f3n y eso representa un total de $441 millones a la fecha. Mientras est\u00e1n en proceso de aprobaci\u00f3n las 60 restantes.<\/p>\n<p>Y de 15 solicitudes para obtener cr\u00e9ditos desde Banco San Juan, ya hay 5 con elegibilidad, por un monto de $1264 millones otorgados al 10 de Febrero. de 2026.<\/p>\n<p>&nbsp;<\/p>\n<p><img loading=\"lazy\" decoding=\"async\" class=\"alignnone size-full wp-image-65642\" src=\"https:\/\/vocesparalelas.com.ar\/sitio\/wp-content\/uploads\/2023\/11\/GOBIERNO-SAN-JUAN.jpg\" alt=\"\" width=\"800\" height=\"600\" srcset=\"https:\/\/vocesparalelas.com.ar\/sitio\/wp-content\/uploads\/2023\/11\/GOBIERNO-SAN-JUAN.jpg 800w, https:\/\/vocesparalelas.com.ar\/sitio\/wp-content\/uploads\/2023\/11\/GOBIERNO-SAN-JUAN-300x225.jpg 300w, https:\/\/vocesparalelas.com.ar\/sitio\/wp-content\/uploads\/2023\/11\/GOBIERNO-SAN-JUAN-768x576.jpg 768w\" sizes=\"auto, (max-width: 800px) 100vw, 800px\" \/><\/p>\n","protected":false},"excerpt":{"rendered":"<p>Por primera vez en la provincia de San Juan, en los primeros d\u00edas de Febrero ya se aprobaron pedidos de<\/p>\n","protected":false},"author":3,"featured_media":82341,"comment_status":"closed","ping_status":"closed","sticky":false,"template":"","format":"standard","meta":{"_acf_changed":false,"_seopress_robots_primary_cat":"none","_seopress_titles_title":"","_seopress_titles_desc":"","_seopress_robots_index":"","colormag_page_container_layout":"default_layout","colormag_page_sidebar_layout":"default_layout","footnotes":""},"categories":[2],"tags":[],"class_list":["post-96615","post","type-post","status-publish","format-standard","has-post-thumbnail","hentry","category-convocatorias"],"acf":[],"_links":{"self":[{"href":"https:\/\/vocesparalelas.com.ar\/sitio\/wp-json\/wp\/v2\/posts\/96615","targetHints":{"allow":["GET"]}}],"collection":[{"href":"https:\/\/vocesparalelas.com.ar\/sitio\/wp-json\/wp\/v2\/posts"}],"about":[{"href":"https:\/\/vocesparalelas.com.ar\/sitio\/wp-json\/wp\/v2\/types\/post"}],"author":[{"embeddable":true,"href":"https:\/\/vocesparalelas.com.ar\/sitio\/wp-json\/wp\/v2\/users\/3"}],"replies":[{"embeddable":true,"href":"https:\/\/vocesparalelas.com.ar\/sitio\/wp-json\/wp\/v2\/comments?post=96615"}],"version-history":[{"count":1,"href":"https:\/\/vocesparalelas.com.ar\/sitio\/wp-json\/wp\/v2\/posts\/96615\/revisions"}],"predecessor-version":[{"id":96618,"href":"https:\/\/vocesparalelas.com.ar\/sitio\/wp-json\/wp\/v2\/posts\/96615\/revisions\/96618"}],"wp:featuredmedia":[{"embeddable":true,"href":"https:\/\/vocesparalelas.com.ar\/sitio\/wp-json\/wp\/v2\/media\/82341"}],"wp:attachment":[{"href":"https:\/\/vocesparalelas.com.ar\/sitio\/wp-json\/wp\/v2\/media?parent=96615"}],"wp:term":[{"taxonomy":"category","embeddable":true,"href":"https:\/\/vocesparalelas.com.ar\/sitio\/wp-json\/wp\/v2\/categories?post=96615"},{"taxonomy":"post_tag","embeddable":true,"href":"https:\/\/vocesparalelas.com.ar\/sitio\/wp-json\/wp\/v2\/tags?post=96615"}],"curies":[{"name":"wp","href":"https:\/\/api.w.org\/{rel}","templated":true}]}}