{"id":96593,"date":"2026-02-09T22:42:54","date_gmt":"2026-02-10T01:42:54","guid":{"rendered":"https:\/\/vocesparalelas.com.ar\/sitio\/?p=96593"},"modified":"2026-02-09T22:42:54","modified_gmt":"2026-02-10T01:42:54","slug":"el-gobierno-de-san-juan-recibio-a-los-directivos-de-arcor-para-fortalecer-el-desarrollo-agroindustrial","status":"publish","type":"post","link":"https:\/\/vocesparalelas.com.ar\/sitio\/el-gobierno-de-san-juan-recibio-a-los-directivos-de-arcor-para-fortalecer-el-desarrollo-agroindustrial\/","title":{"rendered":"El Gobierno de San Juan recibi\u00f3 a los directivos de Arcor para fortalecer el desarrollo agroindustrial"},"content":{"rendered":"<p>El gobernador de San Juan, Dr. Marcelo Orrego presidi\u00f3 una reuni\u00f3n en la Casa de Gobierno con las m\u00e1ximas autoridades de la empresa Arcor. El encuentro se desarroll\u00f3 como parte de una visita protocolar de la compa\u00f1\u00eda, que acostumbra a realizar anualmente sus reuniones de directorio en diferentes sedes operativas situadas en el interior del pa\u00eds.<\/p>\n<p>Estuvo acompa\u00f1ado por el ministro de Producci\u00f3n, Trabajo e Innovaci\u00f3n, CPN Gustavo Fern\u00e1ndez, adem\u00e1s de los secretarios de Agricultura, Ing. Miguel Moreno, y de Industria, CPN Alejandro Mart\u00edn.<\/p>\n<p>En representaci\u00f3n de la firma Arcor participaron su presidente, Alfredo Pagani; el CEO Andres Graziosi; el director Nicolas Martin; el gerente general de Operaciones Industriales y Supply Chain, Gabriel Albertinazzi; el gerente de Producci\u00f3n y Compras Agr\u00edcolas, Antonio Ovalles Rodr\u00edguez; y el gerente general de Administraci\u00f3n y Finanzas, Pablo Mainardi.<\/p>\n<p>Durante el encuentro dialogaron sobre la voluntad de Arcor de mantener su apuesta por San Juan y continuar fortaleciendo el sector agroindustrial.<\/p>\n<p>Los directivos de la empresa subrayaron la calidad y el compromiso de los trabajadores sanjuaninos, se\u00f1alando que estos factores permiten alcanzar elevados niveles de productividad y mantener un bajo \u00edndice de ausentismo. Asimismo, destacaron que los establecimientos que operan en la provincia se encuentran entre los de mayor rendimiento dentro de la estructura nacional de la compa\u00f1\u00eda.<\/p>\n<p>&nbsp;<\/p>\n<p><img loading=\"lazy\" decoding=\"async\" class=\"alignnone size-full wp-image-65642\" src=\"https:\/\/vocesparalelas.com.ar\/sitio\/wp-content\/uploads\/2023\/11\/GOBIERNO-SAN-JUAN.jpg\" alt=\"\" width=\"800\" height=\"600\" srcset=\"https:\/\/vocesparalelas.com.ar\/sitio\/wp-content\/uploads\/2023\/11\/GOBIERNO-SAN-JUAN.jpg 800w, https:\/\/vocesparalelas.com.ar\/sitio\/wp-content\/uploads\/2023\/11\/GOBIERNO-SAN-JUAN-300x225.jpg 300w, https:\/\/vocesparalelas.com.ar\/sitio\/wp-content\/uploads\/2023\/11\/GOBIERNO-SAN-JUAN-768x576.jpg 768w\" sizes=\"auto, (max-width: 800px) 100vw, 800px\" \/><\/p>\n","protected":false},"excerpt":{"rendered":"<p>El gobernador de San Juan, Dr. Marcelo Orrego presidi\u00f3 una reuni\u00f3n en la Casa de Gobierno con las m\u00e1ximas autoridades<\/p>\n","protected":false},"author":3,"featured_media":96596,"comment_status":"closed","ping_status":"closed","sticky":false,"template":"","format":"standard","meta":{"_acf_changed":false,"_seopress_robots_primary_cat":"none","_seopress_titles_title":"","_seopress_titles_desc":"","_seopress_robots_index":"","colormag_page_container_layout":"default_layout","colormag_page_sidebar_layout":"default_layout","footnotes":""},"categories":[1],"tags":[],"class_list":["post-96593","post","type-post","status-publish","format-standard","has-post-thumbnail","hentry","category-destacadas"],"acf":[],"_links":{"self":[{"href":"https:\/\/vocesparalelas.com.ar\/sitio\/wp-json\/wp\/v2\/posts\/96593","targetHints":{"allow":["GET"]}}],"collection":[{"href":"https:\/\/vocesparalelas.com.ar\/sitio\/wp-json\/wp\/v2\/posts"}],"about":[{"href":"https:\/\/vocesparalelas.com.ar\/sitio\/wp-json\/wp\/v2\/types\/post"}],"author":[{"embeddable":true,"href":"https:\/\/vocesparalelas.com.ar\/sitio\/wp-json\/wp\/v2\/users\/3"}],"replies":[{"embeddable":true,"href":"https:\/\/vocesparalelas.com.ar\/sitio\/wp-json\/wp\/v2\/comments?post=96593"}],"version-history":[{"count":1,"href":"https:\/\/vocesparalelas.com.ar\/sitio\/wp-json\/wp\/v2\/posts\/96593\/revisions"}],"predecessor-version":[{"id":96597,"href":"https:\/\/vocesparalelas.com.ar\/sitio\/wp-json\/wp\/v2\/posts\/96593\/revisions\/96597"}],"wp:featuredmedia":[{"embeddable":true,"href":"https:\/\/vocesparalelas.com.ar\/sitio\/wp-json\/wp\/v2\/media\/96596"}],"wp:attachment":[{"href":"https:\/\/vocesparalelas.com.ar\/sitio\/wp-json\/wp\/v2\/media?parent=96593"}],"wp:term":[{"taxonomy":"category","embeddable":true,"href":"https:\/\/vocesparalelas.com.ar\/sitio\/wp-json\/wp\/v2\/categories?post=96593"},{"taxonomy":"post_tag","embeddable":true,"href":"https:\/\/vocesparalelas.com.ar\/sitio\/wp-json\/wp\/v2\/tags?post=96593"}],"curies":[{"name":"wp","href":"https:\/\/api.w.org\/{rel}","templated":true}]}}