{"id":96568,"date":"2026-02-09T14:19:35","date_gmt":"2026-02-09T17:19:35","guid":{"rendered":"https:\/\/vocesparalelas.com.ar\/sitio\/?p=96568"},"modified":"2026-02-11T00:23:28","modified_gmt":"2026-02-11T03:23:28","slug":"cronograma-de-actividades-previa-al-inicio-del-ciclo-lectivo-2026-en-san-juan","status":"publish","type":"post","link":"https:\/\/vocesparalelas.com.ar\/sitio\/cronograma-de-actividades-previa-al-inicio-del-ciclo-lectivo-2026-en-san-juan\/","title":{"rendered":"Cronograma de Actividades previa al inicio del Ciclo Lectivo 2026 en San Juan"},"content":{"rendered":"<p>El Ministerio de Educaci\u00f3n del Gobierno de San Juan recuerda a la comunidad educativa las fechas establecidas para la organizaci\u00f3n institucional previa al inicio del Ciclo Lectivo 2026.<\/p>\n<p>El cronograma contempla instancias administrativas, evaluaciones, matriculaci\u00f3n y actividades de planificaci\u00f3n en todos los niveles y modalidades, tanto de gesti\u00f3n estatal como privada.<\/p>\n<p>Luego, se emite la resoluci\u00f3n con el detalle de fechas del calendario escolar 2026.<\/p>\n<p>Seg\u00fan lo dispuesto, el Ciclo Lectivo 2026 comienza el Lunes, 2 de Marzo para Educaci\u00f3n Inicial y Primaria, mientras que en Educaci\u00f3n Secundaria, en todas sus modalidades, el inicio es el Mi\u00e9rcoles, 4 de Marzo. En el caso de Educaci\u00f3n Superior y Educaci\u00f3n No Formal, las fechas de inicio son posteriores.<\/p>\n<p><span style=\"color: #ff6600;\"><strong>Cronograma de Actividades<\/strong><\/span><\/p>\n<p><span style=\"color: #ff6600;\"><strong>Educaci\u00f3n Inicial, gesti\u00f3n estatal y privada<\/strong><\/span><\/p>\n<ul>\n<li>13 al 25 de Febrero: reuniones, presentaciones y actividades institucionales de planificaci\u00f3n.<\/li>\n<li>26 y 27 de Febrero: reubicaci\u00f3n de estudiantes y ratificaci\u00f3n de inscripciones.<\/li>\n<li>02 de Marzo: inicio del Ciclo Lectivo 2026.<\/li>\n<\/ul>\n<p><span style=\"color: #ff6600;\"><strong>Educaci\u00f3n Primaria,\u00a0<\/strong><strong>Modalidad J\u00f3venes y Adultos &#8211; PROPAA &#8211; gesti\u00f3n estatal y privada<\/strong><\/span><\/p>\n<ul>\n<li>13 al 19 de Febrero: reuniones institucionales y planificaci\u00f3n. Inscripci\u00f3n a evaluaciones libres.<\/li>\n<li>20 y 23 de Febrero: toma de evaluaciones libres.<\/li>\n<li>23 al 25 de Febrero: evaluaci\u00f3n de estudiantes regulares.<\/li>\n<li>26 y 27 de Febrero: reubicaci\u00f3n y ratificaci\u00f3n de inscripciones.<\/li>\n<li>02 de Marzo: inicio del Ciclo Lectivo 2026.<\/li>\n<\/ul>\n<p><span style=\"color: #ff6600;\"><strong>Educaci\u00f3n Secundaria Orientada y Art\u00edstica.\u00a0<\/strong><strong>Modalidad J\u00f3venes y Adultos &#8211; CENS -, Educaci\u00f3n Media y Formaci\u00f3n Profesional<\/strong><\/span><\/p>\n<ul>\n<li>13 al 19 de Febrero: actividades institucionales de planificaci\u00f3n.<\/li>\n<li>19 y 20 de Febrero: evaluaci\u00f3n de espacios curriculares pendientes (estudiantes libres).<\/li>\n<li>23 al 27 de Febrero: evaluaci\u00f3n ante comisi\u00f3n para estudiantes regulares.<\/li>\n<li>02 y 03 de Marzo: matriculaci\u00f3n definitiva.<\/li>\n<li>04 de Marzo: inicio del Ciclo Lectivo 2026.<\/li>\n<li>11 al 13 de Marzo: reubicaci\u00f3n de estudiantes sin escuela asignada o por cambio de domicilio.<\/li>\n<\/ul>\n<p><span style=\"color: #ff6600;\"><strong>Educaci\u00f3n Secundaria T\u00e9cnica y Formaci\u00f3n Profesional, Secundaria T\u00e9cnica y Agrot\u00e9cnica \u2013 gesti\u00f3n estatal y privada<span style=\"color: #ff6600;\">, <\/span>Misiones Monot\u00e9cnicas, Misi\u00f3n de Cultura Rural y Dom\u00e9stica, Centros de Formaci\u00f3n Profesional y Capacitaci\u00f3n Laboral.<\/strong><\/span><\/p>\n<ul>\n<li>13 al 19 de Febrero: reuniones institucionales y planificaci\u00f3n.<\/li>\n<li>19 y 20 de Febrero: evaluaci\u00f3n de espacios curriculares pendientes (incluye equivalencias y Plan FinEsTec).<\/li>\n<li>23 al 27 de Febrero: evaluaci\u00f3n de estudiantes regulares (instancia febrero).<\/li>\n<li>02 y 03 de Marzo: matriculaci\u00f3n definitiva.<\/li>\n<li>04 de Marzo: inicio del Ciclo Lectivo 2026.<\/li>\n<li>11 al 13 de Marzo: reubicaci\u00f3n de estudiantes.<\/li>\n<\/ul>\n<p><span style=\"color: #ff6600;\"><strong>Educaci\u00f3n Superior (gesti\u00f3n estatal y privada)<\/strong><\/span><\/p>\n<ul>\n<li>13 al 27 de Febrero: actividades institucionales, consultas e inscripciones a ex\u00e1menes (1\u00b0 llamado).<\/li>\n<li>02 al 27 de Marzo: recepci\u00f3n de solicitudes de equivalencias.<\/li>\n<li>02 al 6 de Marzo: ex\u00e1menes ordinarios (1\u00b0 llamado).<\/li>\n<li>02 al 31 de Marzo: curso introductorio de ingreso y\/o nivelaci\u00f3n.<\/li>\n<li>09 al 12 de Marzo: inscripci\u00f3n a ex\u00e1menes (2\u00b0 llamado).<\/li>\n<li>16 al 20 de Marzo: ex\u00e1menes ordinarios (2\u00b0 llamado).<\/li>\n<li>23 al 31 de Marzo: inscripci\u00f3n y matriculaci\u00f3n al Ciclo Lectivo 2026.<\/li>\n<li>06 de Abril: inicio del Ciclo Lectivo 2026.<\/li>\n<\/ul>\n<p><span style=\"color: #ff6600;\"><strong>Educaci\u00f3n Especial, gesti\u00f3n estatal y privada<\/strong><\/span><\/p>\n<ul>\n<li>13 al 25 de Febrero: actividades institucionales y planificaci\u00f3n.<\/li>\n<li>26 y 27 de Febrero: ratificaci\u00f3n de inscripciones.<\/li>\n<li>02 de Marzo: inicio del Ciclo Lectivo 2026.<\/li>\n<\/ul>\n<p><span style=\"color: #ff6600;\"><strong>Gabinetes T\u00e9cnicos Interdisciplinarios<\/strong><\/span><\/p>\n<ul>\n<li>13 al 27 de Febrero: reuniones institucionales y capacitaci\u00f3n.<\/li>\n<li>2 de Marzo: inicio del Ciclo Lectivo 2026.<\/li>\n<\/ul>\n<p><span style=\"color: #ff6600;\"><strong>Educaci\u00f3n No Formal, gesti\u00f3n privada<\/strong><\/span><\/p>\n<ul>\n<li>13 al 20 de Febrero: actividades institucionales de planificaci\u00f3n.<\/li>\n<li>23 al 27 de Febrero: inscripciones para el ciclo lectivo 2026.<\/li>\n<li>09 de Marzo: inicio del Ciclo Lectivo 2026.<\/li>\n<\/ul>\n<p>&nbsp;<\/p>\n<p><img loading=\"lazy\" decoding=\"async\" class=\"alignnone size-full wp-image-28629\" src=\"https:\/\/vocesparalelas.com.ar\/sitio\/wp-content\/uploads\/2020\/05\/MINISTERIO-EDUCACION-SJ.jpg\" alt=\"\" width=\"800\" height=\"533\" srcset=\"https:\/\/vocesparalelas.com.ar\/sitio\/wp-content\/uploads\/2020\/05\/MINISTERIO-EDUCACION-SJ.jpg 800w, https:\/\/vocesparalelas.com.ar\/sitio\/wp-content\/uploads\/2020\/05\/MINISTERIO-EDUCACION-SJ-300x200.jpg 300w, https:\/\/vocesparalelas.com.ar\/sitio\/wp-content\/uploads\/2020\/05\/MINISTERIO-EDUCACION-SJ-768x512.jpg 768w\" sizes=\"auto, (max-width: 800px) 100vw, 800px\" \/><\/p>\n","protected":false},"excerpt":{"rendered":"<p>El Ministerio de Educaci\u00f3n del Gobierno de San Juan recuerda a la comunidad educativa las fechas establecidas para la organizaci\u00f3n<\/p>\n","protected":false},"author":3,"featured_media":7142,"comment_status":"closed","ping_status":"closed","sticky":false,"template":"","format":"standard","meta":{"_acf_changed":false,"_seopress_robots_primary_cat":"none","_seopress_titles_title":"","_seopress_titles_desc":"","_seopress_robots_index":"","colormag_page_container_layout":"default_layout","colormag_page_sidebar_layout":"default_layout","footnotes":""},"categories":[5],"tags":[],"class_list":["post-96568","post","type-post","status-publish","format-standard","has-post-thumbnail","hentry","category-ofrecimientos"],"acf":[],"_links":{"self":[{"href":"https:\/\/vocesparalelas.com.ar\/sitio\/wp-json\/wp\/v2\/posts\/96568","targetHints":{"allow":["GET"]}}],"collection":[{"href":"https:\/\/vocesparalelas.com.ar\/sitio\/wp-json\/wp\/v2\/posts"}],"about":[{"href":"https:\/\/vocesparalelas.com.ar\/sitio\/wp-json\/wp\/v2\/types\/post"}],"author":[{"embeddable":true,"href":"https:\/\/vocesparalelas.com.ar\/sitio\/wp-json\/wp\/v2\/users\/3"}],"replies":[{"embeddable":true,"href":"https:\/\/vocesparalelas.com.ar\/sitio\/wp-json\/wp\/v2\/comments?post=96568"}],"version-history":[{"count":1,"href":"https:\/\/vocesparalelas.com.ar\/sitio\/wp-json\/wp\/v2\/posts\/96568\/revisions"}],"predecessor-version":[{"id":96571,"href":"https:\/\/vocesparalelas.com.ar\/sitio\/wp-json\/wp\/v2\/posts\/96568\/revisions\/96571"}],"wp:featuredmedia":[{"embeddable":true,"href":"https:\/\/vocesparalelas.com.ar\/sitio\/wp-json\/wp\/v2\/media\/7142"}],"wp:attachment":[{"href":"https:\/\/vocesparalelas.com.ar\/sitio\/wp-json\/wp\/v2\/media?parent=96568"}],"wp:term":[{"taxonomy":"category","embeddable":true,"href":"https:\/\/vocesparalelas.com.ar\/sitio\/wp-json\/wp\/v2\/categories?post=96568"},{"taxonomy":"post_tag","embeddable":true,"href":"https:\/\/vocesparalelas.com.ar\/sitio\/wp-json\/wp\/v2\/tags?post=96568"}],"curies":[{"name":"wp","href":"https:\/\/api.w.org\/{rel}","templated":true}]}}