{"id":96554,"date":"2026-02-07T11:59:53","date_gmt":"2026-02-07T14:59:53","guid":{"rendered":"https:\/\/vocesparalelas.com.ar\/sitio\/?p=96554"},"modified":"2026-02-09T15:59:10","modified_gmt":"2026-02-09T18:59:10","slug":"opinion-publica-de-la-comunidad-peruana-de-san-juan","status":"publish","type":"post","link":"https:\/\/vocesparalelas.com.ar\/sitio\/opinion-publica-de-la-comunidad-peruana-de-san-juan\/","title":{"rendered":"Opini\u00f3n P\u00fablica de la Comunidad Peruana de San Juan"},"content":{"rendered":"<p>La Comunidad Peruana de San Juan, como organizaci\u00f3n representativa de ciudadanos peruanos residentes en la provincia, se dirige a la opini\u00f3n p\u00fablica y a las colectividades hermanas de la regi\u00f3n ante recientes expresiones que sugieren supuestas \u201capropiaciones culturales\u201d en relaci\u00f3n con celebraciones tradicionales del mundo andino,<br \/>\nparticularmente la festividad de la Virgen de Copacabana.<\/p>\n<p>Manifestamos, en primer lugar, nuestra preocupaci\u00f3n por todo discurso que fomente divisiones o enfrentamientos entre pueblos que comparten una misma ra\u00edz hist\u00f3rica, cultural y espiritual. Las comunidades migrantes en Argentina hemos construido nuestros espacios desde el esfuerzo, el respeto mutuo y la integraci\u00f3n; por ello, consideramos que promover rivalidades culturales debilita la convivencia que tanto trabajo nos ha costado consolidar.<\/p>\n<p>Desde una perspectiva hist\u00f3rica rigurosa, es importante recordar que las actuales fronteras nacionales no reflejan los l\u00edmites culturales originarios de nuestros pueblos. Mucho antes de la conformaci\u00f3n de las rep\u00fablicas de Per\u00fa y Bolivia en el siglo XIX, el espacio andino constitu\u00eda una unidad territorial y civilizatoria.<\/p>\n<p>Las culturas Tiahuanaco (Tiwanaku), Pucar\u00e1, Colla, Lupaca y posteriormente el Tawantinsuyo \u2014especialmente el Collasuyo\u2014 integraron durante siglos los territorios que hoy comprenden el sur del Per\u00fa y el occidente de Bolivia. En estas sociedades se forj\u00f3 una cosmovisi\u00f3n com\u00fan, expresada en tradiciones, danzas, m\u00fasica, lenguas originarias, sistemas de organizaci\u00f3n comunitaria y manifestaciones religiosas que son patrimonio compartido de todo el mundo andino.<\/p>\n<p>Durante el per\u00edodo virreinal, esta integraci\u00f3n continu\u00f3 a trav\u00e9s del Virreinato del Per\u00fa, que abarcaba ambos territorios, consolid\u00e1ndose pr\u00e1cticas devocionales y festivas que se difundieron naturalmente entre las poblaciones del altiplano y del \u00e1rea del lago Titicaca. La devoci\u00f3n a la Virgen de Copacabana, surgida en ese contexto hist\u00f3rico y espiritual com\u00fan, se expandi\u00f3 como una expresi\u00f3n de fe regional, no como un s\u00edmbolo exclusivo de una nacionalidad contempor\u00e1nea.<\/p>\n<p>Por ello, entendemos que las festividades, danzas y devociones andinas forman parte de un legado cultural milenario que trasciende las fronteras pol\u00edticas modernas. Celebrarlas no constituye apropiaci\u00f3n, sino continuidad hist\u00f3rica, memoria colectiva y ejercicio leg\u00edtimo de identidad cultural.<\/p>\n<p>Como comunidad peruana, afirmamos con orgullo nuestras ra\u00edces y nuestro derecho a preservar y difundir nuestras tradiciones. Lo hacemos desde el respeto y la hermandad, convencidos de que la cultura une, no separa.<\/p>\n<p>Reiteramos nuestra voluntad de di\u00e1logo fraterno con todas las colectividades hermanas, especialmente con la comunidad boliviana, con quienes compartimos historia, geograf\u00eda, sangre y destino. Creemos firmemente que el camino es la cooperaci\u00f3n, el reconocimiento mutuo y la celebraci\u00f3n conjunta de nuestra herencia andina com\u00fan.<\/p>\n<p>Invitamos a todos a rechazar expresiones que generen enfrentamientos y a fortalecer los lazos de integraci\u00f3n, respeto y convivencia que caracterizan a nuestras comunidades en San Juan.<\/p>\n<p>Con esp\u00edritu de unidad y fraternidad latinoamericana.<\/p>\n<p style=\"text-align: right;\">Comunidad Peruana de San Juan<\/p>\n<p>&nbsp;<\/p>\n<p><img loading=\"lazy\" decoding=\"async\" class=\"alignnone size-full wp-image-96558\" src=\"https:\/\/vocesparalelas.com.ar\/sitio\/wp-content\/uploads\/2026\/02\/COMUNIDAD-PERUAMA-SAN-JUAN-LOO.png\" alt=\"\" width=\"800\" height=\"500\" srcset=\"https:\/\/vocesparalelas.com.ar\/sitio\/wp-content\/uploads\/2026\/02\/COMUNIDAD-PERUAMA-SAN-JUAN-LOO.png 800w, https:\/\/vocesparalelas.com.ar\/sitio\/wp-content\/uploads\/2026\/02\/COMUNIDAD-PERUAMA-SAN-JUAN-LOO-300x188.png 300w, https:\/\/vocesparalelas.com.ar\/sitio\/wp-content\/uploads\/2026\/02\/COMUNIDAD-PERUAMA-SAN-JUAN-LOO-768x480.png 768w\" sizes=\"auto, (max-width: 800px) 100vw, 800px\" \/><\/p>\n<p>&nbsp;<\/p>\n<p>&nbsp;<\/p>\n","protected":false},"excerpt":{"rendered":"<p>La Comunidad Peruana de San Juan, como organizaci\u00f3n representativa de ciudadanos peruanos residentes en la provincia, se dirige a la<\/p>\n","protected":false},"author":3,"featured_media":20539,"comment_status":"closed","ping_status":"closed","sticky":false,"template":"","format":"standard","meta":{"_acf_changed":false,"_seopress_robots_primary_cat":"none","_seopress_titles_title":"","_seopress_titles_desc":"","_seopress_robots_index":"","colormag_page_container_layout":"default_layout","colormag_page_sidebar_layout":"default_layout","footnotes":""},"categories":[10],"tags":[],"class_list":["post-96554","post","type-post","status-publish","format-standard","has-post-thumbnail","hentry","category-opiniones"],"acf":[],"_links":{"self":[{"href":"https:\/\/vocesparalelas.com.ar\/sitio\/wp-json\/wp\/v2\/posts\/96554","targetHints":{"allow":["GET"]}}],"collection":[{"href":"https:\/\/vocesparalelas.com.ar\/sitio\/wp-json\/wp\/v2\/posts"}],"about":[{"href":"https:\/\/vocesparalelas.com.ar\/sitio\/wp-json\/wp\/v2\/types\/post"}],"author":[{"embeddable":true,"href":"https:\/\/vocesparalelas.com.ar\/sitio\/wp-json\/wp\/v2\/users\/3"}],"replies":[{"embeddable":true,"href":"https:\/\/vocesparalelas.com.ar\/sitio\/wp-json\/wp\/v2\/comments?post=96554"}],"version-history":[{"count":5,"href":"https:\/\/vocesparalelas.com.ar\/sitio\/wp-json\/wp\/v2\/posts\/96554\/revisions"}],"predecessor-version":[{"id":96563,"href":"https:\/\/vocesparalelas.com.ar\/sitio\/wp-json\/wp\/v2\/posts\/96554\/revisions\/96563"}],"wp:featuredmedia":[{"embeddable":true,"href":"https:\/\/vocesparalelas.com.ar\/sitio\/wp-json\/wp\/v2\/media\/20539"}],"wp:attachment":[{"href":"https:\/\/vocesparalelas.com.ar\/sitio\/wp-json\/wp\/v2\/media?parent=96554"}],"wp:term":[{"taxonomy":"category","embeddable":true,"href":"https:\/\/vocesparalelas.com.ar\/sitio\/wp-json\/wp\/v2\/categories?post=96554"},{"taxonomy":"post_tag","embeddable":true,"href":"https:\/\/vocesparalelas.com.ar\/sitio\/wp-json\/wp\/v2\/tags?post=96554"}],"curies":[{"name":"wp","href":"https:\/\/api.w.org\/{rel}","templated":true}]}}