{"id":96550,"date":"2026-02-07T10:56:47","date_gmt":"2026-02-07T13:56:47","guid":{"rendered":"https:\/\/vocesparalelas.com.ar\/sitio\/?p=96550"},"modified":"2026-02-11T01:08:04","modified_gmt":"2026-02-11T04:08:04","slug":"conferencia-virtual-del-arq-jorge-martin","status":"publish","type":"post","link":"https:\/\/vocesparalelas.com.ar\/sitio\/conferencia-virtual-del-arq-jorge-martin\/","title":{"rendered":"Conferencia Virtual del Arq. Jorge Mart\u00edn"},"content":{"rendered":"<p>El Lunes,\u00a0 09 de Febrero, a las 11 hs., se desarrolla la Conferencia Virtual \u00abDise\u00f1o de Espacios para la Preservaci\u00f3n Urbana y el Patrimonio Inmaterial de Ciudades y Territorios expuestos a fen\u00f3menos naturales, su rol pedag\u00f3gico y \u201cterap\u00e9utico\u201d para construir y reconstruir Ciudadan\u00eda y Capacidad Resiliente.<\/p>\n<p>El Caso de la Ciudad de San Juan, Argentina\u00bb a cargo del Arq. Jorge Mart\u00edn*.<\/p>\n<p>* Docente e investigador de la FAUD de la UNSJ, Director del Patrimonio de la Municipalidad de la Ciudad de San Juan e integrante de la Asociaci\u00f3n Latinoamericana de Dise\u00f1o &#8211; ALADI.<\/p>\n<p><strong><span style=\"color: #ff6600;\">Organiza<\/span><\/strong><\/p>\n<p>Universidad Piloto de Colombia, Sede Bogot\u00e1, por gesti\u00f3n de ALADI &#8211; Asociaci\u00f3n Latinoamericana de Dise\u00f1o, e invitaci\u00f3n del Director de los Programas de Dise\u00f1o &#8211; UPColombia, D.I. Mauricio Ag\u00fcello<\/p>\n<p><strong><span style=\"color: #ff6600;\">Para conectarse<\/span><\/strong><\/p>\n<p><span style=\"color: #ff6600;\"><strong>Microsoft Teams meeting Join<\/strong><\/span><\/p>\n<p><a href=\"https:\/\/teams.microsoft.com\/meet\/27223115986915?p=BWc2OSKJWughpPxAOs\">https:\/\/teams.microsoft.com\/meet\/27223115986915?p=BWc2OSKJWughpPxAOs<\/a><\/p>\n<p><strong><span style=\"color: #ff6600;\">Meeting ID<\/span><\/strong><\/p>\n<p>272 231 159 869 15<\/p>\n<p><span style=\"color: #ff6600;\"><strong>Passcode<\/strong><\/span><\/p>\n<p>jC2xw3sA<\/p>\n<p>&nbsp;<\/p>\n<p><img loading=\"lazy\" decoding=\"async\" class=\"alignnone size-full wp-image-66537\" src=\"https:\/\/vocesparalelas.com.ar\/sitio\/wp-content\/uploads\/2023\/12\/FAUD-LOGO-TOTAL.jpg\" alt=\"\" width=\"800\" height=\"533\" srcset=\"https:\/\/vocesparalelas.com.ar\/sitio\/wp-content\/uploads\/2023\/12\/FAUD-LOGO-TOTAL.jpg 800w, https:\/\/vocesparalelas.com.ar\/sitio\/wp-content\/uploads\/2023\/12\/FAUD-LOGO-TOTAL-300x200.jpg 300w, https:\/\/vocesparalelas.com.ar\/sitio\/wp-content\/uploads\/2023\/12\/FAUD-LOGO-TOTAL-768x512.jpg 768w\" sizes=\"auto, (max-width: 800px) 100vw, 800px\" \/><\/p>\n<p>&nbsp;<\/p>\n","protected":false},"excerpt":{"rendered":"<p>El Lunes,\u00a0 09 de Febrero, a las 11 hs., se desarrolla la Conferencia Virtual \u00abDise\u00f1o de Espacios para la Preservaci\u00f3n<\/p>\n","protected":false},"author":3,"featured_media":39831,"comment_status":"closed","ping_status":"closed","sticky":false,"template":"","format":"standard","meta":{"_acf_changed":false,"_seopress_robots_primary_cat":"none","_seopress_titles_title":"","_seopress_titles_desc":"","_seopress_robots_index":"","colormag_page_container_layout":"default_layout","colormag_page_sidebar_layout":"default_layout","footnotes":""},"categories":[9],"tags":[],"class_list":["post-96550","post","type-post","status-publish","format-standard","has-post-thumbnail","hentry","category-cursos"],"acf":[],"_links":{"self":[{"href":"https:\/\/vocesparalelas.com.ar\/sitio\/wp-json\/wp\/v2\/posts\/96550","targetHints":{"allow":["GET"]}}],"collection":[{"href":"https:\/\/vocesparalelas.com.ar\/sitio\/wp-json\/wp\/v2\/posts"}],"about":[{"href":"https:\/\/vocesparalelas.com.ar\/sitio\/wp-json\/wp\/v2\/types\/post"}],"author":[{"embeddable":true,"href":"https:\/\/vocesparalelas.com.ar\/sitio\/wp-json\/wp\/v2\/users\/3"}],"replies":[{"embeddable":true,"href":"https:\/\/vocesparalelas.com.ar\/sitio\/wp-json\/wp\/v2\/comments?post=96550"}],"version-history":[{"count":1,"href":"https:\/\/vocesparalelas.com.ar\/sitio\/wp-json\/wp\/v2\/posts\/96550\/revisions"}],"predecessor-version":[{"id":96553,"href":"https:\/\/vocesparalelas.com.ar\/sitio\/wp-json\/wp\/v2\/posts\/96550\/revisions\/96553"}],"wp:featuredmedia":[{"embeddable":true,"href":"https:\/\/vocesparalelas.com.ar\/sitio\/wp-json\/wp\/v2\/media\/39831"}],"wp:attachment":[{"href":"https:\/\/vocesparalelas.com.ar\/sitio\/wp-json\/wp\/v2\/media?parent=96550"}],"wp:term":[{"taxonomy":"category","embeddable":true,"href":"https:\/\/vocesparalelas.com.ar\/sitio\/wp-json\/wp\/v2\/categories?post=96550"},{"taxonomy":"post_tag","embeddable":true,"href":"https:\/\/vocesparalelas.com.ar\/sitio\/wp-json\/wp\/v2\/tags?post=96550"}],"curies":[{"name":"wp","href":"https:\/\/api.w.org\/{rel}","templated":true}]}}