{"id":96545,"date":"2026-02-07T15:25:54","date_gmt":"2026-02-07T18:25:54","guid":{"rendered":"https:\/\/vocesparalelas.com.ar\/sitio\/?p=96545"},"modified":"2026-02-09T14:20:24","modified_gmt":"2026-02-09T17:20:24","slug":"la-trata-de-personas-crimen-aberrante-y-memoria-de-santa-josefina-bakhita","status":"publish","type":"post","link":"https:\/\/vocesparalelas.com.ar\/sitio\/la-trata-de-personas-crimen-aberrante-y-memoria-de-santa-josefina-bakhita\/","title":{"rendered":"La trata de personas: crimen aberrante y memoria de Santa Josefina Bakhita"},"content":{"rendered":"<p>Por el Arzobispo de San Juan de Cuyo, Monse\u00f1or Jorge Lozano<\/p>\n<p>La trata de personas representa una de las formas m\u00e1s crueles y degradantes de violencia contra la dignidad humana. Es un crimen que hiere en lo m\u00e1s profundo a la sociedad, aprovech\u00e1ndose de quienes sufren la vulnerabilidad social, la pobreza y la desesperanza. Desde varias comunidades de fe y congregaciones religiosas, buscamos denunciar la magnitud de este delito y promover la memoria activa. Especialmente en la fecha del 8 de febrero, cuando la Iglesia recuerda a Santa Josefina Bakhita, s\u00edmbolo de esperanza tras haber sobrevivido a la trata desde su infancia. El lema que nos propone el Papa Le\u00f3n para este a\u00f1o es: \u201cLa paz comienza con la dignidad: un llamado mundial para poner fin a la trata de personas\u201d.<\/p>\n<p>Es un crimen aberrante que vulnera los derechos fundamentales de sus v\u00edctimas. Los tratantes, con astucia y crueldad, se aprovechan de la fragilidad social, utilizando enga\u00f1os y manipulaci\u00f3n emocional, viendo en el sufrimiento ajeno una oportunidad para lucrar. Las promesas de empleo digno, oportunidades de estudio en el extranjero o incluso el acceso a servicios b\u00e1sicos son utilizadas como anzuelos para atrapar a quienes buscan un futuro mejor. En muchos casos, las v\u00edctimas son trasladadas lejos de sus hogares, perdiendo todo contacto con sus seres queridos y quedando a merced de sus explotadores.<\/p>\n<p>Se produce una cosificaci\u00f3n y explotaci\u00f3n de la persona humana, quit\u00e1ndole sus derechos y libertad. Se la humilla y agrede de tal manera que se la degrada por completo. La violencia reiterada y el abuso provocan graves cicatrices f\u00edsicas y emocionales, derivando en importantes consecuencias psicol\u00f3gicas. Si logran escapar, tienen serias dificultades de integraci\u00f3n social, y dif\u00edcilmente regresan a sus comunidades.<\/p>\n<p>Un 8 de febrero, memoria lit\u00fargica de Santa Josefina Bakhita, el Papa Francisco dijo: \u201cAliento a cuantos est\u00e1n comprometidos a ayudar a hombres, mujeres y ni\u00f1os esclavizados, explotados y abusados como instrumentos de trabajo o placer, y a menudo torturados y mutilados. Deseo que cuantos tienen responsabilidades de gobierno tomen decisiones para remover las causas de esta vergonzosa plaga, plaga indigna de una sociedad civil. Que cada uno de nosotros se sienta comprometido a ser portavoz de estos hermanos y hermanas nuestros, humillados en su dignidad\u201d. Francisco fue una voz incansable de denuncia y cercan\u00eda con las v\u00edctimas, se\u00f1alando que \u00abla trata de personas es una herida abierta en el\u00a0cuerpo de la sociedad contempor\u00e1nea, una plaga en el cuerpo de Cristo. Es un crimen contra la humanidad\u00bb.<\/p>\n<p>Las mujeres y las ni\u00f1as representan el 72% de las v\u00edctimas de la trata identificadas, porcentaje que aumenta considerablemente en el contexto de la trata con fines de explotaci\u00f3n sexual. A nivel mundial, una de cada tres v\u00edctimas detectadas es un ni\u00f1o. Se les obliga a trabajar en condiciones de esclavitud, la explotaci\u00f3n y opresi\u00f3n sexual, o el tr\u00e1fico de \u00f3rganos para trasplantes clandestinos.<\/p>\n<p>En la Argentina hay zonas m\u00e1s propicias a la operaci\u00f3n de estas bandas criminales. Ni\u00f1os, ni\u00f1as, adolescentes y j\u00f3venes \u201cdesaparecen\u201d sin dejar rastros, como si de pronto se volvieran invisibles. De vez en cuando alg\u00fan episodio ocupa los medios period\u00edsticos; pero la gran mayor\u00eda queda en las sombras de la pobreza, la indigencia y las corrupciones c\u00f3mplices.<\/p>\n<p>En muchos pa\u00edses existen leyes y pol\u00edticas de inmigraci\u00f3n injustas, arraigadas en una cultura de racismo y xenofobia. Lamentablemente en estos \u00faltimos meses somos testigos de estos malos tratos hacia migrantes en lugares concretos del planeta. Se promueve una pol\u00edtica deshumanizada que alimenta el odio, la divisi\u00f3n y la violencia. Estas pol\u00edticas terminan empujando a los m\u00e1s fr\u00e1giles a la b\u00fasqueda de subterfugios de caminos ilegales, en los cuales los llamados \u201ccoyotes\u201d se aprovechan secuestrando en complicidad con redes mafiosas.<\/p>\n<p>Qu\u00e9 Santa Josefina Bakhita, \u00abesclavizada, vendida y comprada, torturada brutalmente, interceda por quienes son prisioneros de la trata y la esclavitud. Que los torturadores les devuelvan la libertad y este mal sea desterrado de la faz de la tierra\u00bb. (Francisco)<\/p>\n<p>&nbsp;<\/p>\n<p><iframe loading=\"lazy\" title=\"SAN JUAN MONSE\u00d1OR JORGE LOZANO \" width=\"800\" height=\"450\" src=\"https:\/\/www.youtube.com\/embed\/F6fYPIkg4Dc?feature=oembed\" frameborder=\"0\" allow=\"accelerometer; autoplay; clipboard-write; encrypted-media; gyroscope; picture-in-picture; web-share\" referrerpolicy=\"strict-origin-when-cross-origin\" allowfullscreen><\/iframe><\/p>\n<p>&nbsp;<\/p>\n<p><img loading=\"lazy\" decoding=\"async\" class=\"alignnone size-full wp-image-61416\" src=\"https:\/\/vocesparalelas.com.ar\/sitio\/wp-content\/uploads\/2023\/07\/ARZOBISPADO-EDIFICIO.jpg\" alt=\"\" width=\"800\" height=\"600\" srcset=\"https:\/\/vocesparalelas.com.ar\/sitio\/wp-content\/uploads\/2023\/07\/ARZOBISPADO-EDIFICIO.jpg 800w, https:\/\/vocesparalelas.com.ar\/sitio\/wp-content\/uploads\/2023\/07\/ARZOBISPADO-EDIFICIO-300x225.jpg 300w, https:\/\/vocesparalelas.com.ar\/sitio\/wp-content\/uploads\/2023\/07\/ARZOBISPADO-EDIFICIO-768x576.jpg 768w\" sizes=\"auto, (max-width: 800px) 100vw, 800px\" \/><\/p>\n","protected":false},"excerpt":{"rendered":"<p>Por el Arzobispo de San Juan de Cuyo, Monse\u00f1or Jorge Lozano La trata de personas representa una de las formas<\/p>\n","protected":false},"author":3,"featured_media":81112,"comment_status":"closed","ping_status":"closed","sticky":false,"template":"","format":"standard","meta":{"_acf_changed":false,"_seopress_robots_primary_cat":"none","_seopress_titles_title":"","_seopress_titles_desc":"","_seopress_robots_index":"","colormag_page_container_layout":"default_layout","colormag_page_sidebar_layout":"default_layout","footnotes":""},"categories":[10,7],"tags":[],"class_list":["post-96545","post","type-post","status-publish","format-standard","has-post-thumbnail","hentry","category-opiniones","category-videos"],"acf":[],"_links":{"self":[{"href":"https:\/\/vocesparalelas.com.ar\/sitio\/wp-json\/wp\/v2\/posts\/96545","targetHints":{"allow":["GET"]}}],"collection":[{"href":"https:\/\/vocesparalelas.com.ar\/sitio\/wp-json\/wp\/v2\/posts"}],"about":[{"href":"https:\/\/vocesparalelas.com.ar\/sitio\/wp-json\/wp\/v2\/types\/post"}],"author":[{"embeddable":true,"href":"https:\/\/vocesparalelas.com.ar\/sitio\/wp-json\/wp\/v2\/users\/3"}],"replies":[{"embeddable":true,"href":"https:\/\/vocesparalelas.com.ar\/sitio\/wp-json\/wp\/v2\/comments?post=96545"}],"version-history":[{"count":2,"href":"https:\/\/vocesparalelas.com.ar\/sitio\/wp-json\/wp\/v2\/posts\/96545\/revisions"}],"predecessor-version":[{"id":96572,"href":"https:\/\/vocesparalelas.com.ar\/sitio\/wp-json\/wp\/v2\/posts\/96545\/revisions\/96572"}],"wp:featuredmedia":[{"embeddable":true,"href":"https:\/\/vocesparalelas.com.ar\/sitio\/wp-json\/wp\/v2\/media\/81112"}],"wp:attachment":[{"href":"https:\/\/vocesparalelas.com.ar\/sitio\/wp-json\/wp\/v2\/media?parent=96545"}],"wp:term":[{"taxonomy":"category","embeddable":true,"href":"https:\/\/vocesparalelas.com.ar\/sitio\/wp-json\/wp\/v2\/categories?post=96545"},{"taxonomy":"post_tag","embeddable":true,"href":"https:\/\/vocesparalelas.com.ar\/sitio\/wp-json\/wp\/v2\/tags?post=96545"}],"curies":[{"name":"wp","href":"https:\/\/api.w.org\/{rel}","templated":true}]}}