{"id":96530,"date":"2026-02-06T23:10:23","date_gmt":"2026-02-07T02:10:23","guid":{"rendered":"https:\/\/vocesparalelas.com.ar\/sitio\/?p=96530"},"modified":"2026-02-10T01:24:40","modified_gmt":"2026-02-10T04:24:40","slug":"la-pasion-y-el-legado-que-late-al-servicio-de-los-afiliados-de-upcn-san-juan","status":"publish","type":"post","link":"https:\/\/vocesparalelas.com.ar\/sitio\/la-pasion-y-el-legado-que-late-al-servicio-de-los-afiliados-de-upcn-san-juan\/","title":{"rendered":"La pasi\u00f3n y el legado que late al servicio de los afiliados de UPCN San Juan"},"content":{"rendered":"<p>El 9 de Abril de 2026, de 8 a 18 \u00a0hs.; se desarrollan las Elecciones en UPCN San Juan donde los afiliados van a elegir el Secretario General y su equipo de conducci\u00f3n para el futuro destino del Gremio m\u00e1s convocante de San Juan.<\/p>\n<p>En este contexto, Voces Paralelas desarroll\u00f3 una entrevista period\u00edstica al candidato y actual Secretario General de UPCN, Jos\u00e9 \u00abPepe\u00bb Villa, quien trabaja para los afiliados y brindarle lo que se merecen como trabajadores o extrabajadores afiliados y a su familia con un abanico de servicios con la satisfacci\u00f3n de la entrega incondicional.<\/p>\n<p><iframe loading=\"lazy\" title=\"UPCN SAN JUAN  ELECCIONES JOS\u00c9 &quot;PEPE&quot; VILLA\" width=\"800\" height=\"450\" src=\"https:\/\/www.youtube.com\/embed\/bLRhwLZSST4?feature=oembed\" frameborder=\"0\" allow=\"accelerometer; autoplay; clipboard-write; encrypted-media; gyroscope; picture-in-picture; web-share\" referrerpolicy=\"strict-origin-when-cross-origin\" allowfullscreen><\/iframe><\/p>\n<p>&nbsp;<\/p>\n<p><img loading=\"lazy\" decoding=\"async\" class=\"alignnone size-large wp-image-4796\" src=\"https:\/\/vocesparalelas.com.ar\/sitio\/wp-content\/uploads\/2017\/09\/UPCN-FRENTE-02-800x450.jpg\" alt=\"\" width=\"800\" height=\"450\" srcset=\"https:\/\/vocesparalelas.com.ar\/sitio\/wp-content\/uploads\/2017\/09\/UPCN-FRENTE-02-800x450.jpg 800w, https:\/\/vocesparalelas.com.ar\/sitio\/wp-content\/uploads\/2017\/09\/UPCN-FRENTE-02-300x169.jpg 300w, https:\/\/vocesparalelas.com.ar\/sitio\/wp-content\/uploads\/2017\/09\/UPCN-FRENTE-02-768x432.jpg 768w, https:\/\/vocesparalelas.com.ar\/sitio\/wp-content\/uploads\/2017\/09\/UPCN-FRENTE-02.jpg 1024w\" sizes=\"auto, (max-width: 800px) 100vw, 800px\" \/><\/p>\n","protected":false},"excerpt":{"rendered":"<p>El 9 de Abril de 2026, de 8 a 18 \u00a0hs.; se desarrollan las Elecciones en UPCN San Juan donde<\/p>\n","protected":false},"author":3,"featured_media":96533,"comment_status":"closed","ping_status":"closed","sticky":false,"template":"","format":"standard","meta":{"_acf_changed":false,"_seopress_robots_primary_cat":"none","_seopress_titles_title":"","_seopress_titles_desc":"","_seopress_robots_index":"","colormag_page_container_layout":"default_layout","colormag_page_sidebar_layout":"default_layout","footnotes":""},"categories":[10,7],"tags":[],"class_list":["post-96530","post","type-post","status-publish","format-standard","has-post-thumbnail","hentry","category-opiniones","category-videos"],"acf":[],"_links":{"self":[{"href":"https:\/\/vocesparalelas.com.ar\/sitio\/wp-json\/wp\/v2\/posts\/96530","targetHints":{"allow":["GET"]}}],"collection":[{"href":"https:\/\/vocesparalelas.com.ar\/sitio\/wp-json\/wp\/v2\/posts"}],"about":[{"href":"https:\/\/vocesparalelas.com.ar\/sitio\/wp-json\/wp\/v2\/types\/post"}],"author":[{"embeddable":true,"href":"https:\/\/vocesparalelas.com.ar\/sitio\/wp-json\/wp\/v2\/users\/3"}],"replies":[{"embeddable":true,"href":"https:\/\/vocesparalelas.com.ar\/sitio\/wp-json\/wp\/v2\/comments?post=96530"}],"version-history":[{"count":2,"href":"https:\/\/vocesparalelas.com.ar\/sitio\/wp-json\/wp\/v2\/posts\/96530\/revisions"}],"predecessor-version":[{"id":96535,"href":"https:\/\/vocesparalelas.com.ar\/sitio\/wp-json\/wp\/v2\/posts\/96530\/revisions\/96535"}],"wp:featuredmedia":[{"embeddable":true,"href":"https:\/\/vocesparalelas.com.ar\/sitio\/wp-json\/wp\/v2\/media\/96533"}],"wp:attachment":[{"href":"https:\/\/vocesparalelas.com.ar\/sitio\/wp-json\/wp\/v2\/media?parent=96530"}],"wp:term":[{"taxonomy":"category","embeddable":true,"href":"https:\/\/vocesparalelas.com.ar\/sitio\/wp-json\/wp\/v2\/categories?post=96530"},{"taxonomy":"post_tag","embeddable":true,"href":"https:\/\/vocesparalelas.com.ar\/sitio\/wp-json\/wp\/v2\/tags?post=96530"}],"curies":[{"name":"wp","href":"https:\/\/api.w.org\/{rel}","templated":true}]}}