{"id":96477,"date":"2026-02-05T21:06:06","date_gmt":"2026-02-06T00:06:06","guid":{"rendered":"https:\/\/vocesparalelas.com.ar\/sitio\/?p=96477"},"modified":"2026-02-05T21:16:57","modified_gmt":"2026-02-06T00:16:57","slug":"la-pavimentacion-de-la-avenida-espana-avanza-en-el-departamento-capital-de-san-juan","status":"publish","type":"post","link":"https:\/\/vocesparalelas.com.ar\/sitio\/la-pavimentacion-de-la-avenida-espana-avanza-en-el-departamento-capital-de-san-juan\/","title":{"rendered":"La pavimentaci\u00f3n de la avenida Espa\u00f1a avanza en el Departamento Capital de San Juan"},"content":{"rendered":"<p>En el marco del Plan Urbano de Pavimentaci\u00f3n y Repavimentaci\u00f3n de la Red Vial Municipal \u2013 1\u00ba Etapa Capital, el Ministerio de Infraestructura, Agua y Energ\u00eda del Gobierno de San Juan avanza con trabajos de pavimentaci\u00f3n en una arteria de la Ciudad de San Juan.<\/p>\n<p>Las tareas se desarrollan sobre Avenida Espa\u00f1a, en el tramo comprendido entre Maip\u00fa y Avenida Libertador Gral. San Mart\u00edn, que ser\u00e1 intervenido en su totalidad. La obra forma parte de una planificaci\u00f3n integral orientada a mejorar la transitabilidad y la seguridad vial.<\/p>\n<p>Actualmente se ejecutan trabajos de demolici\u00f3n de losas de hormig\u00f3n, relleno con material de base e imprimaci\u00f3n de los pa\u00f1os intervenidos. Posteriormente, se realiza la limpieza y el sellado de juntas, grietas y fisuras, para luego colocar el carpet\u00edn asf\u00e1ltico, lo que permitir\u00e1 liberar el tr\u00e1nsito en el sector. Finalizada esta etapa, se estima que en un plazo aproximado de dos semanas se colocar\u00e1 la carpeta asf\u00e1ltica final.<\/p>\n<p>Estas acciones forman parte del plan de mejora de la red vial urbana, con el objetivo de optimizar la circulaci\u00f3n, prolongar la vida \u00fatil de las calzadas y brindar mejores condiciones de movilidad a vecinos y conductores.<\/p>\n<p><img loading=\"lazy\" decoding=\"async\" class=\"alignnone size-full wp-image-96480\" src=\"https:\/\/vocesparalelas.com.ar\/sitio\/wp-content\/uploads\/2026\/02\/PAVIEMTACION-ESPANA-01.jpg\" alt=\"\" width=\"800\" height=\"450\" srcset=\"https:\/\/vocesparalelas.com.ar\/sitio\/wp-content\/uploads\/2026\/02\/PAVIEMTACION-ESPANA-01.jpg 800w, https:\/\/vocesparalelas.com.ar\/sitio\/wp-content\/uploads\/2026\/02\/PAVIEMTACION-ESPANA-01-300x169.jpg 300w, https:\/\/vocesparalelas.com.ar\/sitio\/wp-content\/uploads\/2026\/02\/PAVIEMTACION-ESPANA-01-768x432.jpg 768w\" sizes=\"auto, (max-width: 800px) 100vw, 800px\" \/><\/p>\n","protected":false},"excerpt":{"rendered":"<p>En el marco del Plan Urbano de Pavimentaci\u00f3n y Repavimentaci\u00f3n de la Red Vial Municipal \u2013 1\u00ba Etapa Capital, el<\/p>\n","protected":false},"author":3,"featured_media":96481,"comment_status":"closed","ping_status":"closed","sticky":false,"template":"","format":"standard","meta":{"_acf_changed":false,"_seopress_robots_primary_cat":"none","_seopress_titles_title":"","_seopress_titles_desc":"","_seopress_robots_index":"","colormag_page_container_layout":"default_layout","colormag_page_sidebar_layout":"default_layout","footnotes":""},"categories":[1],"tags":[],"class_list":["post-96477","post","type-post","status-publish","format-standard","has-post-thumbnail","hentry","category-destacadas"],"acf":[],"_links":{"self":[{"href":"https:\/\/vocesparalelas.com.ar\/sitio\/wp-json\/wp\/v2\/posts\/96477","targetHints":{"allow":["GET"]}}],"collection":[{"href":"https:\/\/vocesparalelas.com.ar\/sitio\/wp-json\/wp\/v2\/posts"}],"about":[{"href":"https:\/\/vocesparalelas.com.ar\/sitio\/wp-json\/wp\/v2\/types\/post"}],"author":[{"embeddable":true,"href":"https:\/\/vocesparalelas.com.ar\/sitio\/wp-json\/wp\/v2\/users\/3"}],"replies":[{"embeddable":true,"href":"https:\/\/vocesparalelas.com.ar\/sitio\/wp-json\/wp\/v2\/comments?post=96477"}],"version-history":[{"count":1,"href":"https:\/\/vocesparalelas.com.ar\/sitio\/wp-json\/wp\/v2\/posts\/96477\/revisions"}],"predecessor-version":[{"id":96482,"href":"https:\/\/vocesparalelas.com.ar\/sitio\/wp-json\/wp\/v2\/posts\/96477\/revisions\/96482"}],"wp:featuredmedia":[{"embeddable":true,"href":"https:\/\/vocesparalelas.com.ar\/sitio\/wp-json\/wp\/v2\/media\/96481"}],"wp:attachment":[{"href":"https:\/\/vocesparalelas.com.ar\/sitio\/wp-json\/wp\/v2\/media?parent=96477"}],"wp:term":[{"taxonomy":"category","embeddable":true,"href":"https:\/\/vocesparalelas.com.ar\/sitio\/wp-json\/wp\/v2\/categories?post=96477"},{"taxonomy":"post_tag","embeddable":true,"href":"https:\/\/vocesparalelas.com.ar\/sitio\/wp-json\/wp\/v2\/tags?post=96477"}],"curies":[{"name":"wp","href":"https:\/\/api.w.org\/{rel}","templated":true}]}}