{"id":96437,"date":"2026-02-04T19:53:06","date_gmt":"2026-02-04T22:53:06","guid":{"rendered":"https:\/\/vocesparalelas.com.ar\/sitio\/?p=96437"},"modified":"2026-02-05T22:40:54","modified_gmt":"2026-02-06T01:40:54","slug":"festival-nacional-de-jazz-2026-en-san-juan","status":"publish","type":"post","link":"https:\/\/vocesparalelas.com.ar\/sitio\/festival-nacional-de-jazz-2026-en-san-juan\/","title":{"rendered":"Festival Nacional de Jazz 2026 en San Juan"},"content":{"rendered":"<p>El Ministerio de Turismo, Cultura y Deporte del Gobierno de San Juan, acompa\u00f1a la realizaci\u00f3n del Festival Nacional de Jazz 2026. Este importante encuentro cultural organizado por la Fundaci\u00f3n Circuito Argentino de Jazz, que propone al jazz como una expresi\u00f3n art\u00edstica de jerarqu\u00eda, un espacio de encuentro y una herramienta de intercambio cultural.<\/p>\n<p>El Viernes, 13 y el S\u00e1bado, 14 de Febrero, los interesados pueden disfrutar de una programaci\u00f3n de alto nivel que re\u00fane a destacados artistas locales, nacionales e internacionales.<\/p>\n<p>El Festival cuenta con dos jornadas complementarias, una con acceso libre y gratuito y otra con entrada arancelada, ofreciendo al p\u00fablico interesado. Una experiencia diversa que combina cruces de estilos, trayectorias consolidadas y proyecci\u00f3n internacional.<\/p>\n<figure id=\"attachment_77863\" aria-describedby=\"caption-attachment-77863\" style=\"width: 800px\" class=\"wp-caption alignnone\"><img loading=\"lazy\" decoding=\"async\" class=\"size-full wp-image-77863\" src=\"https:\/\/vocesparalelas.com.ar\/sitio\/wp-content\/uploads\/2024\/10\/CHALET-CANTONI-NUEVO.jpg\" alt=\"\" width=\"800\" height=\"533\" srcset=\"https:\/\/vocesparalelas.com.ar\/sitio\/wp-content\/uploads\/2024\/10\/CHALET-CANTONI-NUEVO.jpg 800w, https:\/\/vocesparalelas.com.ar\/sitio\/wp-content\/uploads\/2024\/10\/CHALET-CANTONI-NUEVO-300x200.jpg 300w, https:\/\/vocesparalelas.com.ar\/sitio\/wp-content\/uploads\/2024\/10\/CHALET-CANTONI-NUEVO-768x512.jpg 768w\" sizes=\"auto, (max-width: 800px) 100vw, 800px\" \/><figcaption id=\"caption-attachment-77863\" class=\"wp-caption-text\">Chalet Cantoni, Departamento Rivadavia, Provincia San Juan, Rep\u00fablica Argentita<\/figcaption><\/figure>\n<p>La primera jornada, se realiza en el Chalet Cantoni y est\u00e1 dedicada al encuentro entre escenas y territorios. Cuenta con la participaci\u00f3n de reconocidos artistas locales como Bad Mojo y Nicol\u00e1s Bustos Tr\u00edo, y el cierre a cargo de Pellican Tr\u00edo, referentes del jazz argentino con amplia trayectoria en Latinoam\u00e9rica y el mundo.<\/p>\n<p><iframe loading=\"lazy\" title=\"PELLICAN JAZZ FUSSION TRIO, 27 de Octubre, 2023. Thelonious Club Palermo. Killer Joe (de B.Golson)\" width=\"800\" height=\"450\" src=\"https:\/\/www.youtube.com\/embed\/C0zuUxuynro?feature=oembed\" frameborder=\"0\" allow=\"accelerometer; autoplay; clipboard-write; encrypted-media; gyroscope; picture-in-picture; web-share\" referrerpolicy=\"strict-origin-when-cross-origin\" allowfullscreen><\/iframe><\/p>\n<p>En esta noche inaugural, el Festival tambi\u00e9n cruza fronteras para recibir al destacado trompetista chileno Rodrigo Cuturrufo, quien llega a San Juan junto a su proyecto Cutus Clan, desde Coquimbo, Chile.<\/p>\n<p>El S\u00e1bado, 14 de Febrero, en el Teatro del Bicentenario, se vive la jornada de cierre con la presentaci\u00f3n, por primera vez en la provincia, del Melissa Aldana Quartet. La saxofonista de Chile, radicada en Estados Unidos, es una de las figuras m\u00e1s relevantes del jazz contempor\u00e1neo a nivel internacional y se destaca por haber sido la primera mujer latina en obtener el primer puesto del prestigioso Concurso Thelonious Monk, consolidando una destacada proyecci\u00f3n global desde la escena jazz\u00edstica de Nueva York.<\/p>\n<p>Como parte de esta funci\u00f3n especial, el p\u00fablico puede disfrutar adem\u00e1s de una degustaci\u00f3n de vinos, sumando valor a la experiencia cultural.<\/p>\n<p>Las entradas para la jornada del S\u00e1bado, tienen un valor de $30.000 y se encuentran disponibles a trav\u00e9s de\u00a0<a href=\"http:\/\/TuEntrada.com\">http:\/\/TuEntrada.com<\/a>\u00a0 y en la boleter\u00eda del Teatro del Bicentenario, de Lunes a S\u00e1bado, de 9:30 a 14:00 hs. Se ofrece una preventa especial con 20% de descuento utilizando el c\u00f3digo JAZZ, tanto en boleter\u00eda como en la plataforma digital.<\/p>\n<p>Con esta nueva edici\u00f3n, el\u00a0Festival Nacional de Jazz San Juan 2026\u00a0reafirma el posicionamiento de la provincia como un punto de referencia para el desarrollo de propuestas culturales de alcance nacional e internacional.<\/p>\n<p><img loading=\"lazy\" decoding=\"async\" class=\"alignnone size-large wp-image-21666\" src=\"https:\/\/vocesparalelas.com.ar\/sitio\/wp-content\/uploads\/2019\/06\/TEATRO-BICENTENARIO-10-800x600.jpg\" alt=\"\" width=\"800\" height=\"600\" srcset=\"https:\/\/vocesparalelas.com.ar\/sitio\/wp-content\/uploads\/2019\/06\/TEATRO-BICENTENARIO-10-800x600.jpg 800w, https:\/\/vocesparalelas.com.ar\/sitio\/wp-content\/uploads\/2019\/06\/TEATRO-BICENTENARIO-10-300x225.jpg 300w, https:\/\/vocesparalelas.com.ar\/sitio\/wp-content\/uploads\/2019\/06\/TEATRO-BICENTENARIO-10-768x576.jpg 768w, https:\/\/vocesparalelas.com.ar\/sitio\/wp-content\/uploads\/2019\/06\/TEATRO-BICENTENARIO-10.jpg 1000w\" sizes=\"auto, (max-width: 800px) 100vw, 800px\" \/><\/p>\n","protected":false},"excerpt":{"rendered":"<p>El Ministerio de Turismo, Cultura y Deporte del Gobierno de San Juan, acompa\u00f1a la realizaci\u00f3n del Festival Nacional de Jazz<\/p>\n","protected":false},"author":3,"featured_media":96440,"comment_status":"closed","ping_status":"closed","sticky":false,"template":"","format":"standard","meta":{"_acf_changed":false,"_seopress_robots_primary_cat":"none","_seopress_titles_title":"","_seopress_titles_desc":"","_seopress_robots_index":"","colormag_page_container_layout":"default_layout","colormag_page_sidebar_layout":"default_layout","footnotes":""},"categories":[20,7],"tags":[],"class_list":["post-96437","post","type-post","status-publish","format-standard","has-post-thumbnail","hentry","category-cartelera","category-videos"],"acf":[],"_links":{"self":[{"href":"https:\/\/vocesparalelas.com.ar\/sitio\/wp-json\/wp\/v2\/posts\/96437","targetHints":{"allow":["GET"]}}],"collection":[{"href":"https:\/\/vocesparalelas.com.ar\/sitio\/wp-json\/wp\/v2\/posts"}],"about":[{"href":"https:\/\/vocesparalelas.com.ar\/sitio\/wp-json\/wp\/v2\/types\/post"}],"author":[{"embeddable":true,"href":"https:\/\/vocesparalelas.com.ar\/sitio\/wp-json\/wp\/v2\/users\/3"}],"replies":[{"embeddable":true,"href":"https:\/\/vocesparalelas.com.ar\/sitio\/wp-json\/wp\/v2\/comments?post=96437"}],"version-history":[{"count":1,"href":"https:\/\/vocesparalelas.com.ar\/sitio\/wp-json\/wp\/v2\/posts\/96437\/revisions"}],"predecessor-version":[{"id":96441,"href":"https:\/\/vocesparalelas.com.ar\/sitio\/wp-json\/wp\/v2\/posts\/96437\/revisions\/96441"}],"wp:featuredmedia":[{"embeddable":true,"href":"https:\/\/vocesparalelas.com.ar\/sitio\/wp-json\/wp\/v2\/media\/96440"}],"wp:attachment":[{"href":"https:\/\/vocesparalelas.com.ar\/sitio\/wp-json\/wp\/v2\/media?parent=96437"}],"wp:term":[{"taxonomy":"category","embeddable":true,"href":"https:\/\/vocesparalelas.com.ar\/sitio\/wp-json\/wp\/v2\/categories?post=96437"},{"taxonomy":"post_tag","embeddable":true,"href":"https:\/\/vocesparalelas.com.ar\/sitio\/wp-json\/wp\/v2\/tags?post=96437"}],"curies":[{"name":"wp","href":"https:\/\/api.w.org\/{rel}","templated":true}]}}