{"id":96428,"date":"2026-02-26T18:58:42","date_gmt":"2026-02-26T21:58:42","guid":{"rendered":"https:\/\/vocesparalelas.com.ar\/sitio\/?p=96428"},"modified":"2026-02-26T19:43:17","modified_gmt":"2026-02-26T22:43:17","slug":"que-canten-las-infancias-que-alcen-la-voz-de-la-ffha-de-la-unsj","status":"publish","type":"post","link":"https:\/\/vocesparalelas.com.ar\/sitio\/que-canten-las-infancias-que-alcen-la-voz-de-la-ffha-de-la-unsj\/","title":{"rendered":"\u00a1Qu\u00e9 canten las infancias, qu\u00e9 alcen la voz! de la FFHA de la UNSJ"},"content":{"rendered":"<p>La Facultad de Filosof\u00eda, Humanidades y Artes de la Universidad Nacional de San Juan informa que comienzan las preinscripciones\u00a0para las audiciones del\u00a0Coro de Ni\u00f1os, para infancias que tengan entre\u00a06 y 12 a\u00f1os.<\/p>\n<p><iframe loading=\"lazy\" title=\"UNSJ FFHA CORO LOS JILGUERITOS\" width=\"800\" height=\"450\" src=\"https:\/\/www.youtube.com\/embed\/IjeLEnBH05Q?feature=oembed\" frameborder=\"0\" allow=\"accelerometer; autoplay; clipboard-write; encrypted-media; gyroscope; picture-in-picture; web-share\" referrerpolicy=\"strict-origin-when-cross-origin\" allowfullscreen><\/iframe><\/p>\n<p>Desde la organizaci\u00f3n aclaran que\u00a0ese d\u00eda NO SE REALIZAN LAS AUDICIONES, sino que son el \u00daNICO D\u00cdA de preinscripci\u00f3n\u00a0y es\u00a0PRESENCIAL. Adem\u00e1s, un\u00a0adulto\/a a cargo\u00a0tiene que asistir para anotar a cada ni\u00f1o\/a y\u00a0llevar\u00a0su\u00a0DNI.<\/p>\n<p><iframe loading=\"lazy\" title=\"UNSJ FFHA CORO NI\u00d1OS Y J\u00d3VENES\" width=\"800\" height=\"450\" src=\"https:\/\/www.youtube.com\/embed\/VlSx8fdkUDA?feature=oembed\" frameborder=\"0\" allow=\"accelerometer; autoplay; clipboard-write; encrypted-media; gyroscope; picture-in-picture; web-share\" referrerpolicy=\"strict-origin-when-cross-origin\" allowfullscreen><\/iframe><\/p>\n<p>La\u00a0preinscripci\u00f3n\u00a0es el Lunes, 2 de Marzo, de 18 a 20 hs.; en el\u00a0Centro de Creaci\u00f3n Art\u00edstica Coral\u00a0de la FFHA de la UNSJ en F\u00e9lix Aguilar 387 (N). Ese d\u00eda se asignar\u00e1 un turno con d\u00eda y horario espec\u00edfico para la audici\u00f3n.<\/p>\n<p>No es necesario preparar ninguna canci\u00f3n ya que en esta instancia solo deber\u00e1n cantar juntos\/as para escuchar la salud vocal de cada aspirante.<\/p>\n<p>Los\u00a0cupos\u00a0son\u00a0limitados.<\/p>\n<p><iframe loading=\"lazy\" title=\"UNSJ CONCIERTO GALA 50\u00b0ANIVERSARIO UNSJ\" width=\"800\" height=\"450\" src=\"https:\/\/www.youtube.com\/embed\/lXqSLVnloGE?feature=oembed\" frameborder=\"0\" allow=\"accelerometer; autoplay; clipboard-write; encrypted-media; gyroscope; picture-in-picture; web-share\" referrerpolicy=\"strict-origin-when-cross-origin\" allowfullscreen><\/iframe><\/p>\n<p>&nbsp;<\/p>\n<p>&nbsp;<\/p>\n","protected":false},"excerpt":{"rendered":"<p>La Facultad de Filosof\u00eda, Humanidades y Artes de la Universidad Nacional de San Juan informa que comienzan las preinscripciones\u00a0para las<\/p>\n","protected":false},"author":3,"featured_media":26481,"comment_status":"closed","ping_status":"closed","sticky":false,"template":"","format":"standard","meta":{"_acf_changed":false,"_seopress_robots_primary_cat":"none","_seopress_titles_title":"","_seopress_titles_desc":"","_seopress_robots_index":"","colormag_page_container_layout":"default_layout","colormag_page_sidebar_layout":"default_layout","footnotes":""},"categories":[1,7],"tags":[],"class_list":["post-96428","post","type-post","status-publish","format-standard","has-post-thumbnail","hentry","category-destacadas","category-videos"],"acf":[],"_links":{"self":[{"href":"https:\/\/vocesparalelas.com.ar\/sitio\/wp-json\/wp\/v2\/posts\/96428","targetHints":{"allow":["GET"]}}],"collection":[{"href":"https:\/\/vocesparalelas.com.ar\/sitio\/wp-json\/wp\/v2\/posts"}],"about":[{"href":"https:\/\/vocesparalelas.com.ar\/sitio\/wp-json\/wp\/v2\/types\/post"}],"author":[{"embeddable":true,"href":"https:\/\/vocesparalelas.com.ar\/sitio\/wp-json\/wp\/v2\/users\/3"}],"replies":[{"embeddable":true,"href":"https:\/\/vocesparalelas.com.ar\/sitio\/wp-json\/wp\/v2\/comments?post=96428"}],"version-history":[{"count":1,"href":"https:\/\/vocesparalelas.com.ar\/sitio\/wp-json\/wp\/v2\/posts\/96428\/revisions"}],"predecessor-version":[{"id":96431,"href":"https:\/\/vocesparalelas.com.ar\/sitio\/wp-json\/wp\/v2\/posts\/96428\/revisions\/96431"}],"wp:featuredmedia":[{"embeddable":true,"href":"https:\/\/vocesparalelas.com.ar\/sitio\/wp-json\/wp\/v2\/media\/26481"}],"wp:attachment":[{"href":"https:\/\/vocesparalelas.com.ar\/sitio\/wp-json\/wp\/v2\/media?parent=96428"}],"wp:term":[{"taxonomy":"category","embeddable":true,"href":"https:\/\/vocesparalelas.com.ar\/sitio\/wp-json\/wp\/v2\/categories?post=96428"},{"taxonomy":"post_tag","embeddable":true,"href":"https:\/\/vocesparalelas.com.ar\/sitio\/wp-json\/wp\/v2\/tags?post=96428"}],"curies":[{"name":"wp","href":"https:\/\/api.w.org\/{rel}","templated":true}]}}