{"id":96404,"date":"2026-02-03T13:37:24","date_gmt":"2026-02-03T16:37:24","guid":{"rendered":"https:\/\/vocesparalelas.com.ar\/sitio\/?p=96404"},"modified":"2026-02-04T22:21:09","modified_gmt":"2026-02-05T01:21:09","slug":"experiencia-bajo-las-estrellas-por-el-dia-de-san-valentin-en-anchipurac-de-san-juan","status":"publish","type":"post","link":"https:\/\/vocesparalelas.com.ar\/sitio\/experiencia-bajo-las-estrellas-por-el-dia-de-san-valentin-en-anchipurac-de-san-juan\/","title":{"rendered":"Experiencia bajo las estrellas por el D\u00eda de San Valent\u00edn en Anchipurac de San Juan"},"content":{"rendered":"<p>En el marco del D\u00eda de San Valent\u00edn, Anchipurac invita a participar de una experiencia nocturna especialmente dise\u00f1ada para celebrar la fecha desde una propuesta que integra ciencia, arte, naturaleza y gastronom\u00eda local.<\/p>\n<p>La actividad se desarrolla el S\u00e1bado, 14 de Febrero, a las 21 hs en el Centro de Formaci\u00f3n Ambiental Anchipurac, Calle 5 y Pelegrini, Departamento Rivadavia, al pie del cerro Parkinson.<\/p>\n<p>La experiencia comienza con una visita guiada por el interior del edificio, adaptada a la tem\u00e1tica astron\u00f3mica y al recorrido nocturno. La propuesta permite conocer el espacio desde otra perspectiva, destacando su arquitectura sustentable y su v\u00ednculo con el entorno natural.<\/p>\n<p>La noche contin\u00faa con una observaci\u00f3n astron\u00f3mica mediante telescopios y una charla especialmente adaptada a la ocasi\u00f3n, que invita a reflexionar sobre el universo y la importancia del cuidado del ambiente.<\/p>\n<p>A su vez, pueden disfrutar de m\u00fasica en vivo de la mano del violinista Esteban Ferres, de una degustaci\u00f3n de vinos y chocolates a cargo de la bodega Argus y Kokolate respectivamente.<\/p>\n<p>Esta propuesta permite conocer el espacio desde otra perspectiva, destacando su arquitectura sustentable y su v\u00ednculo con el entorno natural. As\u00ed tambi\u00e9n, como la oportunidad de vivir un 14 de febrero diferente y memorable junto a las estrellas.<\/p>\n<p>La entrada tiene un costo de $15.000 para adultos y $12.500 para menores hasta 17 a\u00f1os. Las personas interesadas pueden inscribirse a trav\u00e9s del sitio web<\/p>\n<p><a href=\"http:\/\/www.turismoencontexto.com\">http:\/\/www.turismoencontexto.com<\/a><\/p>\n<p>donde encuentran detalle completo del evento.<\/p>\n<p><strong><span style=\"color: #ff6600;\">Para m\u00e1s informaci\u00f3n o consulta<\/span><\/strong><\/p>\n<p>Se encuentra disponible el contacto 264 542-9117.<\/p>\n<p>&nbsp;<\/p>\n<p><img loading=\"lazy\" decoding=\"async\" class=\"alignnone size-full wp-image-40689\" src=\"https:\/\/vocesparalelas.com.ar\/sitio\/wp-content\/uploads\/2021\/08\/Anchipurac-nueva.jpg\" alt=\"\" width=\"782\" height=\"439\" srcset=\"https:\/\/vocesparalelas.com.ar\/sitio\/wp-content\/uploads\/2021\/08\/Anchipurac-nueva.jpg 782w, https:\/\/vocesparalelas.com.ar\/sitio\/wp-content\/uploads\/2021\/08\/Anchipurac-nueva-300x168.jpg 300w, https:\/\/vocesparalelas.com.ar\/sitio\/wp-content\/uploads\/2021\/08\/Anchipurac-nueva-768x431.jpg 768w\" sizes=\"auto, (max-width: 782px) 100vw, 782px\" \/><\/p>\n","protected":false},"excerpt":{"rendered":"<p>En el marco del D\u00eda de San Valent\u00edn, Anchipurac invita a participar de una experiencia nocturna especialmente dise\u00f1ada para celebrar<\/p>\n","protected":false},"author":3,"featured_media":92154,"comment_status":"closed","ping_status":"closed","sticky":false,"template":"","format":"standard","meta":{"_acf_changed":false,"_seopress_robots_primary_cat":"none","_seopress_titles_title":"","_seopress_titles_desc":"","_seopress_robots_index":"","colormag_page_container_layout":"default_layout","colormag_page_sidebar_layout":"default_layout","footnotes":""},"categories":[20],"tags":[],"class_list":["post-96404","post","type-post","status-publish","format-standard","has-post-thumbnail","hentry","category-cartelera"],"acf":[],"_links":{"self":[{"href":"https:\/\/vocesparalelas.com.ar\/sitio\/wp-json\/wp\/v2\/posts\/96404","targetHints":{"allow":["GET"]}}],"collection":[{"href":"https:\/\/vocesparalelas.com.ar\/sitio\/wp-json\/wp\/v2\/posts"}],"about":[{"href":"https:\/\/vocesparalelas.com.ar\/sitio\/wp-json\/wp\/v2\/types\/post"}],"author":[{"embeddable":true,"href":"https:\/\/vocesparalelas.com.ar\/sitio\/wp-json\/wp\/v2\/users\/3"}],"replies":[{"embeddable":true,"href":"https:\/\/vocesparalelas.com.ar\/sitio\/wp-json\/wp\/v2\/comments?post=96404"}],"version-history":[{"count":2,"href":"https:\/\/vocesparalelas.com.ar\/sitio\/wp-json\/wp\/v2\/posts\/96404\/revisions"}],"predecessor-version":[{"id":96408,"href":"https:\/\/vocesparalelas.com.ar\/sitio\/wp-json\/wp\/v2\/posts\/96404\/revisions\/96408"}],"wp:featuredmedia":[{"embeddable":true,"href":"https:\/\/vocesparalelas.com.ar\/sitio\/wp-json\/wp\/v2\/media\/92154"}],"wp:attachment":[{"href":"https:\/\/vocesparalelas.com.ar\/sitio\/wp-json\/wp\/v2\/media?parent=96404"}],"wp:term":[{"taxonomy":"category","embeddable":true,"href":"https:\/\/vocesparalelas.com.ar\/sitio\/wp-json\/wp\/v2\/categories?post=96404"},{"taxonomy":"post_tag","embeddable":true,"href":"https:\/\/vocesparalelas.com.ar\/sitio\/wp-json\/wp\/v2\/tags?post=96404"}],"curies":[{"name":"wp","href":"https:\/\/api.w.org\/{rel}","templated":true}]}}