{"id":96400,"date":"2026-02-03T13:22:42","date_gmt":"2026-02-03T16:22:42","guid":{"rendered":"https:\/\/vocesparalelas.com.ar\/sitio\/?p=96400"},"modified":"2026-02-04T22:21:38","modified_gmt":"2026-02-05T01:21:38","slug":"curso-provincial-de-guardavidas-2026-en-san-juan","status":"publish","type":"post","link":"https:\/\/vocesparalelas.com.ar\/sitio\/curso-provincial-de-guardavidas-2026-en-san-juan\/","title":{"rendered":"Curso Provincial de Guardavidas 2026 en San Juan"},"content":{"rendered":"<p>La Direcci\u00f3n de N\u00e1utica y Deportes al aire libre, de la Secretar\u00eda de Deporte, a trav\u00e9s del Departamento N\u00e1utico y Deporte Motor, informa a los preinscriptos, que desde el 9 al 27 de Febrero, se realizan las inscripciones para el Curso Provincial de Guardavidas Profesional N\u00e1utico 2026.<\/p>\n<p>En el 2025, durante el mes de Diciembre, se preinscribieron las personas interesadas, que ahora tienen la oportunidad de inscribirse en las Oficinas N\u00e1uticas, Anexo de la Secretar\u00eda de Deporte, en la intersecci\u00f3n de San Luis y Aberastain.<\/p>\n<p>Quienes realizaron el paso anterior, deben acercarse de Lunes a Viernes entre las 8 a las 13 hs.; por el lugar mencionado. Hay un cupo limitado de ingreso de estudiantes al curso.<\/p>\n<p>Para terminar el tr\u00e1mite deben llenar un formulario y declaraci\u00f3n jurada, en las oficinas mencionadas, con los datos del aspirante a guardavidas, y presentar los requisitos pertinentes.<\/p>\n<ul>\n<li>Certificado Apto M\u00e9dico (para realizar actividad f\u00edsica)<\/li>\n<li>Fotocopia DNI<\/li>\n<li>Secundario Completo (certificado anal\u00edtico)<\/li>\n<li>Carpeta colgante (para legajo)<\/li>\n<li>Ficha Personal y Declaraciones Juradas (completar al momento de inscripci\u00f3n)<\/li>\n<li>Comprobante de pago Inscripci\u00f3n en Oficinas N\u00e1uticas<\/li>\n<\/ul>\n<p><strong><span style=\"color: #ff6600;\">Para mayor comunicaci\u00f3n y\/o consultas<\/span><\/strong><\/p>\n<p>Comunicarse con Pablo Quiroga Cisella, director del curso, al correo electr\u00f3nico<\/p>\n<p><span id=\"cloak4d1790629514e32ebbb1f0779b853ab4\"><a href=\"mailto:departamentonautico@gmail.com\">departamentonautico@gmail.com<\/a><\/span>.<\/p>\n<p>El Curso Provincial de Guardavidas 2026 es dictado por la Secretar\u00eda de Deporte, a trav\u00e9s de la Direcci\u00f3n de N\u00e1utica y deportes al aire libre.<\/p>\n<p>Los aspirantes rinden el S\u00e1bado, 14 de Marzo en horario matutino, teniendo el dique Punta Negra como escenario.<\/p>\n<p>&nbsp;<\/p>\n<p><img loading=\"lazy\" decoding=\"async\" class=\"alignnone size-full wp-image-43182\" src=\"https:\/\/vocesparalelas.com.ar\/sitio\/wp-content\/uploads\/2021\/10\/SALVAVIDAS-SAN-JUAN.jpg\" alt=\"\" width=\"782\" height=\"439\" srcset=\"https:\/\/vocesparalelas.com.ar\/sitio\/wp-content\/uploads\/2021\/10\/SALVAVIDAS-SAN-JUAN.jpg 782w, https:\/\/vocesparalelas.com.ar\/sitio\/wp-content\/uploads\/2021\/10\/SALVAVIDAS-SAN-JUAN-300x168.jpg 300w, https:\/\/vocesparalelas.com.ar\/sitio\/wp-content\/uploads\/2021\/10\/SALVAVIDAS-SAN-JUAN-768x431.jpg 768w\" sizes=\"auto, (max-width: 782px) 100vw, 782px\" \/><\/p>\n","protected":false},"excerpt":{"rendered":"<p>La Direcci\u00f3n de N\u00e1utica y Deportes al aire libre, de la Secretar\u00eda de Deporte, a trav\u00e9s del Departamento N\u00e1utico y<\/p>\n","protected":false},"author":3,"featured_media":95609,"comment_status":"closed","ping_status":"closed","sticky":false,"template":"","format":"standard","meta":{"_acf_changed":false,"_seopress_robots_primary_cat":"none","_seopress_titles_title":"","_seopress_titles_desc":"","_seopress_robots_index":"","colormag_page_container_layout":"default_layout","colormag_page_sidebar_layout":"default_layout","footnotes":""},"categories":[9],"tags":[],"class_list":["post-96400","post","type-post","status-publish","format-standard","has-post-thumbnail","hentry","category-cursos"],"acf":[],"_links":{"self":[{"href":"https:\/\/vocesparalelas.com.ar\/sitio\/wp-json\/wp\/v2\/posts\/96400","targetHints":{"allow":["GET"]}}],"collection":[{"href":"https:\/\/vocesparalelas.com.ar\/sitio\/wp-json\/wp\/v2\/posts"}],"about":[{"href":"https:\/\/vocesparalelas.com.ar\/sitio\/wp-json\/wp\/v2\/types\/post"}],"author":[{"embeddable":true,"href":"https:\/\/vocesparalelas.com.ar\/sitio\/wp-json\/wp\/v2\/users\/3"}],"replies":[{"embeddable":true,"href":"https:\/\/vocesparalelas.com.ar\/sitio\/wp-json\/wp\/v2\/comments?post=96400"}],"version-history":[{"count":1,"href":"https:\/\/vocesparalelas.com.ar\/sitio\/wp-json\/wp\/v2\/posts\/96400\/revisions"}],"predecessor-version":[{"id":96403,"href":"https:\/\/vocesparalelas.com.ar\/sitio\/wp-json\/wp\/v2\/posts\/96400\/revisions\/96403"}],"wp:featuredmedia":[{"embeddable":true,"href":"https:\/\/vocesparalelas.com.ar\/sitio\/wp-json\/wp\/v2\/media\/95609"}],"wp:attachment":[{"href":"https:\/\/vocesparalelas.com.ar\/sitio\/wp-json\/wp\/v2\/media?parent=96400"}],"wp:term":[{"taxonomy":"category","embeddable":true,"href":"https:\/\/vocesparalelas.com.ar\/sitio\/wp-json\/wp\/v2\/categories?post=96400"},{"taxonomy":"post_tag","embeddable":true,"href":"https:\/\/vocesparalelas.com.ar\/sitio\/wp-json\/wp\/v2\/tags?post=96400"}],"curies":[{"name":"wp","href":"https:\/\/api.w.org\/{rel}","templated":true}]}}