{"id":96381,"date":"2026-02-03T11:14:02","date_gmt":"2026-02-03T14:14:02","guid":{"rendered":"https:\/\/vocesparalelas.com.ar\/sitio\/?p=96381"},"modified":"2026-02-03T11:55:35","modified_gmt":"2026-02-03T14:55:35","slug":"primera-reunion-2026-del-gabinete-del-gobierno-de-san-juan","status":"publish","type":"post","link":"https:\/\/vocesparalelas.com.ar\/sitio\/primera-reunion-2026-del-gabinete-del-gobierno-de-san-juan\/","title":{"rendered":"Primera reuni\u00f3n 2026 del gabinete del Gobierno de San Juan"},"content":{"rendered":"<p>El gobernador de San Juan,\u00a0 Dr. Marcelo Orrego convoc\u00f3 a la primera reuni\u00f3n de gabinete 2026 que permiti\u00f3 la participaci\u00f3n de los ministros y secretarios del Poder Ejecutivo.<\/p>\n<p>El encuentro tuvo como eje central el an\u00e1lisis de la agenda de trabajo para el a\u00f1o en curso y la reafirmaci\u00f3n de los lineamientos del plan de gobierno.<\/p>\n<p>Durante la reuni\u00f3n, se destac\u00f3 la importancia de continuar con una gesti\u00f3n cercana a la ciudadan\u00eda, basada en la escucha activa de las necesidades de la comunidad y en el trabajo articulado entre las distintas \u00e1reas del Estado para brindar respuestas concretas.<\/p>\n<p>En este marco, el mandatario y su equipo coincidieron en la necesidad de fortalecer el trabajo en equipo y sostener un Estado presente y responsable, orientado a cumplir los objetivos establecidos y a seguir impulsando acciones que contribuyan a transformar la realidad de cada integrante de la poblaci\u00f3n.<\/p>\n<p><img loading=\"lazy\" decoding=\"async\" class=\"alignnone size-full wp-image-65642\" src=\"https:\/\/vocesparalelas.com.ar\/sitio\/wp-content\/uploads\/2023\/11\/GOBIERNO-SAN-JUAN.jpg\" alt=\"\" width=\"800\" height=\"600\" srcset=\"https:\/\/vocesparalelas.com.ar\/sitio\/wp-content\/uploads\/2023\/11\/GOBIERNO-SAN-JUAN.jpg 800w, https:\/\/vocesparalelas.com.ar\/sitio\/wp-content\/uploads\/2023\/11\/GOBIERNO-SAN-JUAN-300x225.jpg 300w, https:\/\/vocesparalelas.com.ar\/sitio\/wp-content\/uploads\/2023\/11\/GOBIERNO-SAN-JUAN-768x576.jpg 768w\" sizes=\"auto, (max-width: 800px) 100vw, 800px\" \/><\/p>\n","protected":false},"excerpt":{"rendered":"<p>El gobernador de San Juan,\u00a0 Dr. Marcelo Orrego convoc\u00f3 a la primera reuni\u00f3n de gabinete 2026 que permiti\u00f3 la participaci\u00f3n<\/p>\n","protected":false},"author":3,"featured_media":96384,"comment_status":"closed","ping_status":"closed","sticky":false,"template":"","format":"standard","meta":{"_acf_changed":false,"_seopress_robots_primary_cat":"none","_seopress_titles_title":"","_seopress_titles_desc":"","_seopress_robots_index":"","colormag_page_container_layout":"default_layout","colormag_page_sidebar_layout":"default_layout","footnotes":""},"categories":[1],"tags":[],"class_list":["post-96381","post","type-post","status-publish","format-standard","has-post-thumbnail","hentry","category-destacadas"],"acf":[],"_links":{"self":[{"href":"https:\/\/vocesparalelas.com.ar\/sitio\/wp-json\/wp\/v2\/posts\/96381","targetHints":{"allow":["GET"]}}],"collection":[{"href":"https:\/\/vocesparalelas.com.ar\/sitio\/wp-json\/wp\/v2\/posts"}],"about":[{"href":"https:\/\/vocesparalelas.com.ar\/sitio\/wp-json\/wp\/v2\/types\/post"}],"author":[{"embeddable":true,"href":"https:\/\/vocesparalelas.com.ar\/sitio\/wp-json\/wp\/v2\/users\/3"}],"replies":[{"embeddable":true,"href":"https:\/\/vocesparalelas.com.ar\/sitio\/wp-json\/wp\/v2\/comments?post=96381"}],"version-history":[{"count":3,"href":"https:\/\/vocesparalelas.com.ar\/sitio\/wp-json\/wp\/v2\/posts\/96381\/revisions"}],"predecessor-version":[{"id":96387,"href":"https:\/\/vocesparalelas.com.ar\/sitio\/wp-json\/wp\/v2\/posts\/96381\/revisions\/96387"}],"wp:featuredmedia":[{"embeddable":true,"href":"https:\/\/vocesparalelas.com.ar\/sitio\/wp-json\/wp\/v2\/media\/96384"}],"wp:attachment":[{"href":"https:\/\/vocesparalelas.com.ar\/sitio\/wp-json\/wp\/v2\/media?parent=96381"}],"wp:term":[{"taxonomy":"category","embeddable":true,"href":"https:\/\/vocesparalelas.com.ar\/sitio\/wp-json\/wp\/v2\/categories?post=96381"},{"taxonomy":"post_tag","embeddable":true,"href":"https:\/\/vocesparalelas.com.ar\/sitio\/wp-json\/wp\/v2\/tags?post=96381"}],"curies":[{"name":"wp","href":"https:\/\/api.w.org\/{rel}","templated":true}]}}