{"id":96377,"date":"2026-02-02T23:00:59","date_gmt":"2026-02-03T02:00:59","guid":{"rendered":"https:\/\/vocesparalelas.com.ar\/sitio\/?p=96377"},"modified":"2026-02-02T23:57:18","modified_gmt":"2026-02-03T02:57:18","slug":"protocolo-de-vialidad-provincial-para-enfrentar-los-problemas-de-las-crecientes-en-san-juan","status":"publish","type":"post","link":"https:\/\/vocesparalelas.com.ar\/sitio\/protocolo-de-vialidad-provincial-para-enfrentar-los-problemas-de-las-crecientes-en-san-juan\/","title":{"rendered":"Protocolo de Vialidad Provincial para enfrentar los problemas de las crecientes en San Juan"},"content":{"rendered":"<p>Las lluvias que afectan a San Juan desde hace varios d\u00edas traen consigo dificultades en distintos \u00e1mbitos de la vida cotidiana. Uno de los m\u00e1s sensibles es el estado de rutas y caminos, que en numerosos sectores se ven anegados por bajadas de agua, material de arrastre y crecientes que comprometen la circulaci\u00f3n.<\/p>\n<p>En este contexto, la Direcci\u00f3n Provincial de Vialidad (DPV) del Ministerio de Infraestructura, Agua y Energ\u00eda del Gobierno de San Juan dio a conocer c\u00f3mo es el protocolo que se activa para hacer frente a estas situaciones y garantizar, en la medida de lo posible, la seguridad de los usuarios y la transitabilidad de la red vial provincial.<\/p>\n<p>La DPV cuenta con un esquema de trabajo que incluye operativos preventivos, recorridos de inspecci\u00f3n y el despliegue de personal y equipos en rutas y caminos de la provincia, con el objetivo de garantizar la seguridad vial y restituir la transitabilidad. Ante la previsi\u00f3n y ocurrencia de lluvias intensas en distintos puntos de San Juan, se pone en marcha un operativo planificado que permite intervenir de manera anticipada, coordinada y segura sobre la red vial provincial.<\/p>\n<p>El operativo tiene como finalidad atender rutas y caminos afectados por bajadas de agua, material de arrastre y posibles da\u00f1os en calzadas o estructuras, priorizando en todo momento la seguridad de los usuarios.<\/p>\n<p><span style=\"color: #ff6600;\"><b>Activaci\u00f3n de operativos ante lluvias intensas<\/b><\/span><\/p>\n<p>Cuando se prev\u00e9n eventos meteorol\u00f3gicos significativos, la DPV pone en marcha un operativo de emergencia planificado con al menos una semana de anticipaci\u00f3n, estableciendo un esquema de guardia pasiva.<\/p>\n<p>El operativo est\u00e1 integrado por inspectores viales, personal de se\u00f1alizaci\u00f3n, higiene, seguridad y ambiente, y operarios de maquinaria y equipos, organizados en turnos rotativos semanales para asegurar cobertura permanente.<\/p>\n<p>Durante las precipitaciones, los inspectores asignados realizan recorridos preventivos por las rutas provinciales, siempre que las condiciones de seguridad lo permitan, con el fin de detectar de manera temprana posibles afectaciones.<\/p>\n<p>Ante la detecci\u00f3n de inconvenientes, se da aviso inmediato al personal operativo para su intervenci\u00f3n y se informa a la Divisi\u00f3n Radio, encargada de comunicar oficialmente el estado de las rutas.<\/p>\n<p><span style=\"color: #ff6600;\"><b>Protocolo de seguridad y coordinaci\u00f3n operativa<\/b><\/span><\/p>\n<p>Las acciones a ejecutar se definen a partir de las evaluaciones t\u00e9cnicas realizadas por los inspectores, quienes determinan la urgencia de la intervenci\u00f3n y el traslado de personal, maquinaria y equipos a las zonas afectadas.<\/p>\n<p>Durante todo el operativo, se mantiene comunicaci\u00f3n permanente con Defensa Civil, la Polic\u00eda de San Juan y otros organismos intervinientes, a fin de coordinar cortes preventivos, desv\u00edos, se\u00f1alizaci\u00f3n y medidas de resguardo para los usuarios.<\/p>\n<p><span style=\"color: #ff6600;\"><b>Continuidad de trabajos y recuperaci\u00f3n de rutas<\/b><\/span><\/p>\n<p>Una vez superada la emergencia y restablecida la transitabilidad b\u00e1sica, la DPV realiza un relevamiento detallado de los da\u00f1os registrados, en coordinaci\u00f3n entre inspectores y jefaturas.<\/p>\n<p>A partir de ese diagn\u00f3stico, se programan y ejecutan las tareas de se\u00f1alizaci\u00f3n, reparaci\u00f3n y acondicionamiento necesarias para restituir las rutas a condiciones \u00f3ptimas y seguras de circulaci\u00f3n.<\/p>\n<p><img loading=\"lazy\" decoding=\"async\" class=\"alignnone size-full wp-image-65642\" src=\"https:\/\/vocesparalelas.com.ar\/sitio\/wp-content\/uploads\/2023\/11\/GOBIERNO-SAN-JUAN.jpg\" alt=\"\" width=\"800\" height=\"600\" srcset=\"https:\/\/vocesparalelas.com.ar\/sitio\/wp-content\/uploads\/2023\/11\/GOBIERNO-SAN-JUAN.jpg 800w, https:\/\/vocesparalelas.com.ar\/sitio\/wp-content\/uploads\/2023\/11\/GOBIERNO-SAN-JUAN-300x225.jpg 300w, https:\/\/vocesparalelas.com.ar\/sitio\/wp-content\/uploads\/2023\/11\/GOBIERNO-SAN-JUAN-768x576.jpg 768w\" sizes=\"auto, (max-width: 800px) 100vw, 800px\" \/><\/p>\n","protected":false},"excerpt":{"rendered":"<p>Las lluvias que afectan a San Juan desde hace varios d\u00edas traen consigo dificultades en distintos \u00e1mbitos de la vida<\/p>\n","protected":false},"author":3,"featured_media":68051,"comment_status":"closed","ping_status":"closed","sticky":false,"template":"","format":"standard","meta":{"_acf_changed":false,"_seopress_robots_primary_cat":"none","_seopress_titles_title":"","_seopress_titles_desc":"","_seopress_robots_index":"","colormag_page_container_layout":"default_layout","colormag_page_sidebar_layout":"default_layout","footnotes":""},"categories":[1],"tags":[],"class_list":["post-96377","post","type-post","status-publish","format-standard","has-post-thumbnail","hentry","category-destacadas"],"acf":[],"_links":{"self":[{"href":"https:\/\/vocesparalelas.com.ar\/sitio\/wp-json\/wp\/v2\/posts\/96377","targetHints":{"allow":["GET"]}}],"collection":[{"href":"https:\/\/vocesparalelas.com.ar\/sitio\/wp-json\/wp\/v2\/posts"}],"about":[{"href":"https:\/\/vocesparalelas.com.ar\/sitio\/wp-json\/wp\/v2\/types\/post"}],"author":[{"embeddable":true,"href":"https:\/\/vocesparalelas.com.ar\/sitio\/wp-json\/wp\/v2\/users\/3"}],"replies":[{"embeddable":true,"href":"https:\/\/vocesparalelas.com.ar\/sitio\/wp-json\/wp\/v2\/comments?post=96377"}],"version-history":[{"count":1,"href":"https:\/\/vocesparalelas.com.ar\/sitio\/wp-json\/wp\/v2\/posts\/96377\/revisions"}],"predecessor-version":[{"id":96380,"href":"https:\/\/vocesparalelas.com.ar\/sitio\/wp-json\/wp\/v2\/posts\/96377\/revisions\/96380"}],"wp:featuredmedia":[{"embeddable":true,"href":"https:\/\/vocesparalelas.com.ar\/sitio\/wp-json\/wp\/v2\/media\/68051"}],"wp:attachment":[{"href":"https:\/\/vocesparalelas.com.ar\/sitio\/wp-json\/wp\/v2\/media?parent=96377"}],"wp:term":[{"taxonomy":"category","embeddable":true,"href":"https:\/\/vocesparalelas.com.ar\/sitio\/wp-json\/wp\/v2\/categories?post=96377"},{"taxonomy":"post_tag","embeddable":true,"href":"https:\/\/vocesparalelas.com.ar\/sitio\/wp-json\/wp\/v2\/tags?post=96377"}],"curies":[{"name":"wp","href":"https:\/\/api.w.org\/{rel}","templated":true}]}}