{"id":96333,"date":"2026-02-01T14:19:11","date_gmt":"2026-02-01T17:19:11","guid":{"rendered":"https:\/\/vocesparalelas.com.ar\/sitio\/?p=96333"},"modified":"2026-02-01T14:19:11","modified_gmt":"2026-02-01T17:19:11","slug":"el-gobierno-de-san-juan-continua-asistiendo-a-las-familias-afectadas-por-el-temporal","status":"publish","type":"post","link":"https:\/\/vocesparalelas.com.ar\/sitio\/el-gobierno-de-san-juan-continua-asistiendo-a-las-familias-afectadas-por-el-temporal\/","title":{"rendered":"El Gobierno de San Juan contin\u00faa asistiendo a las familias afectadas por el temporal"},"content":{"rendered":"<p>En el marco del operativo integral dispuesto por el Gobierno de San Juan, en el que se unificaron los ministerios provinciales, durante el S\u00e1bado, 31 de Enero y el Domingo, 01 de Febrero de 2026, se asisti\u00f3 a familias afectadas por las lluvias y crecientes en distintos puntos de la provincia.<\/p>\n<p>&nbsp;<\/p>\n<p><img loading=\"lazy\" decoding=\"async\" class=\"alignnone size-full wp-image-96337\" src=\"https:\/\/vocesparalelas.com.ar\/sitio\/wp-content\/uploads\/2026\/02\/LLUVIAS-AYUDA-02.jpg\" alt=\"\" width=\"800\" height=\"461\" srcset=\"https:\/\/vocesparalelas.com.ar\/sitio\/wp-content\/uploads\/2026\/02\/LLUVIAS-AYUDA-02.jpg 800w, https:\/\/vocesparalelas.com.ar\/sitio\/wp-content\/uploads\/2026\/02\/LLUVIAS-AYUDA-02-300x173.jpg 300w, https:\/\/vocesparalelas.com.ar\/sitio\/wp-content\/uploads\/2026\/02\/LLUVIAS-AYUDA-02-768x443.jpg 768w\" sizes=\"auto, (max-width: 800px) 100vw, 800px\" \/><\/p>\n<p>Las intervenciones se realizaron en los departamentos<\/p>\n<ul>\n<li>Pocito;<\/li>\n<li>Caucete;<\/li>\n<li>Albard\u00f3n;<\/li>\n<li>Angaco;<\/li>\n<li>Capital;<\/li>\n<li>Chimbas;<\/li>\n<li>9 de Julio;<\/li>\n<li>Rawson;<\/li>\n<li>Rivadavia;<\/li>\n<li>Santa Luc\u00eda;<\/li>\n<li>San Mart\u00edn;<\/li>\n<li>25 de Mayo.<\/li>\n<\/ul>\n<p><img loading=\"lazy\" decoding=\"async\" class=\"alignnone size-full wp-image-96338\" src=\"https:\/\/vocesparalelas.com.ar\/sitio\/wp-content\/uploads\/2026\/02\/LLUVIAS-AYUDA-03.jpg\" alt=\"\" width=\"800\" height=\"486\" srcset=\"https:\/\/vocesparalelas.com.ar\/sitio\/wp-content\/uploads\/2026\/02\/LLUVIAS-AYUDA-03.jpg 800w, https:\/\/vocesparalelas.com.ar\/sitio\/wp-content\/uploads\/2026\/02\/LLUVIAS-AYUDA-03-300x182.jpg 300w, https:\/\/vocesparalelas.com.ar\/sitio\/wp-content\/uploads\/2026\/02\/LLUVIAS-AYUDA-03-768x467.jpg 768w\" sizes=\"auto, (max-width: 800px) 100vw, 800px\" \/><\/p>\n<p>Como parte del protocolo establecido, la situaci\u00f3n contin\u00faa siendo monitoreada de manera permanente mientras se mantenga vigente el alerta meteorol\u00f3gico.<\/p>\n<p><img loading=\"lazy\" decoding=\"async\" class=\"alignnone size-full wp-image-65642\" src=\"https:\/\/vocesparalelas.com.ar\/sitio\/wp-content\/uploads\/2023\/11\/GOBIERNO-SAN-JUAN.jpg\" alt=\"\" width=\"800\" height=\"600\" srcset=\"https:\/\/vocesparalelas.com.ar\/sitio\/wp-content\/uploads\/2023\/11\/GOBIERNO-SAN-JUAN.jpg 800w, https:\/\/vocesparalelas.com.ar\/sitio\/wp-content\/uploads\/2023\/11\/GOBIERNO-SAN-JUAN-300x225.jpg 300w, https:\/\/vocesparalelas.com.ar\/sitio\/wp-content\/uploads\/2023\/11\/GOBIERNO-SAN-JUAN-768x576.jpg 768w\" sizes=\"auto, (max-width: 800px) 100vw, 800px\" \/><\/p>\n","protected":false},"excerpt":{"rendered":"<p>En el marco del operativo integral dispuesto por el Gobierno de San Juan, en el que se unificaron los ministerios<\/p>\n","protected":false},"author":3,"featured_media":96336,"comment_status":"closed","ping_status":"closed","sticky":false,"template":"","format":"standard","meta":{"_acf_changed":false,"_seopress_robots_primary_cat":"none","_seopress_titles_title":"","_seopress_titles_desc":"","_seopress_robots_index":"","colormag_page_container_layout":"default_layout","colormag_page_sidebar_layout":"default_layout","footnotes":""},"categories":[1],"tags":[],"class_list":["post-96333","post","type-post","status-publish","format-standard","has-post-thumbnail","hentry","category-destacadas"],"acf":[],"_links":{"self":[{"href":"https:\/\/vocesparalelas.com.ar\/sitio\/wp-json\/wp\/v2\/posts\/96333","targetHints":{"allow":["GET"]}}],"collection":[{"href":"https:\/\/vocesparalelas.com.ar\/sitio\/wp-json\/wp\/v2\/posts"}],"about":[{"href":"https:\/\/vocesparalelas.com.ar\/sitio\/wp-json\/wp\/v2\/types\/post"}],"author":[{"embeddable":true,"href":"https:\/\/vocesparalelas.com.ar\/sitio\/wp-json\/wp\/v2\/users\/3"}],"replies":[{"embeddable":true,"href":"https:\/\/vocesparalelas.com.ar\/sitio\/wp-json\/wp\/v2\/comments?post=96333"}],"version-history":[{"count":1,"href":"https:\/\/vocesparalelas.com.ar\/sitio\/wp-json\/wp\/v2\/posts\/96333\/revisions"}],"predecessor-version":[{"id":96339,"href":"https:\/\/vocesparalelas.com.ar\/sitio\/wp-json\/wp\/v2\/posts\/96333\/revisions\/96339"}],"wp:featuredmedia":[{"embeddable":true,"href":"https:\/\/vocesparalelas.com.ar\/sitio\/wp-json\/wp\/v2\/media\/96336"}],"wp:attachment":[{"href":"https:\/\/vocesparalelas.com.ar\/sitio\/wp-json\/wp\/v2\/media?parent=96333"}],"wp:term":[{"taxonomy":"category","embeddable":true,"href":"https:\/\/vocesparalelas.com.ar\/sitio\/wp-json\/wp\/v2\/categories?post=96333"},{"taxonomy":"post_tag","embeddable":true,"href":"https:\/\/vocesparalelas.com.ar\/sitio\/wp-json\/wp\/v2\/tags?post=96333"}],"curies":[{"name":"wp","href":"https:\/\/api.w.org\/{rel}","templated":true}]}}