{"id":96310,"date":"2026-01-31T10:17:25","date_gmt":"2026-01-31T13:17:25","guid":{"rendered":"https:\/\/vocesparalelas.com.ar\/sitio\/?p=96310"},"modified":"2026-02-02T23:43:59","modified_gmt":"2026-02-03T02:43:59","slug":"el-desprecio-de-los-matices","status":"publish","type":"post","link":"https:\/\/vocesparalelas.com.ar\/sitio\/el-desprecio-de-los-matices\/","title":{"rendered":"El desprecio de los matices"},"content":{"rendered":"<p>Por el Arzobispo de San Juan de Cuyo, Monse\u00f1or Jorge Lozano<\/p>\n<p>Cada a\u00f1o, la Jornada Mundial de las Comunicaciones Sociales invita a detenerse y pensar sobre el modo en que nos relacionamos, informamos y, sobre todo, nos entendemos como humanidad. En el mensaje de este a\u00f1o, dado a conocer el s\u00e1bado pasado, el Papa Le\u00f3n XIV propone el lema \u201cpreservar las voces y los rostros humanos\u201d, un llamado a mirar m\u00e1s all\u00e1 de la inmediatez digital y redescubrir el valor de la autenticidad en la comunicaci\u00f3n. Este lema, lejos de ser una consigna vac\u00eda, interpela profundamente a comunicadores, creyentes y a toda la sociedad: nos recuerda que en tiempos de aceleraci\u00f3n informativa y tecnolog\u00edas sofisticadas, sigue siendo fundamental cuidar el encuentro genuino con el otro.<\/p>\n<p>El avance de la inteligencia artificial (IA) ha abierto infinitas posibilidades, pero tambi\u00e9n ha dado lugar a lo que el Papa denomina como el \u201cmundo de los espejos\u201d. Se trata de un entorno en el que las voces y rostros pueden ser replicados, recreados e incluso manipulados, hasta el punto de poner en duda la autenticidad de lo que vemos y escuchamos. Nos advierte: \u201cEl riesgo es grande. El poder de la simulaci\u00f3n es tal que la inteligencia artificial tambi\u00e9n puede enga\u00f1arnos con la fabricaci\u00f3n de \u2018realidades\u2019 paralelas, apropi\u00e1ndose de nuestros rostros y nuestras voces\u201d.<\/p>\n<p>El mensaje papal advierte sobre la tentaci\u00f3n de abandonar el pensamiento propio y los sentimientos personales y dejarse llevar de manera acr\u00edtica por lo que las tecnolog\u00edas nos presentan. La confianza ciega en los algoritmos y en los sistemas de recomendaci\u00f3n puede llevarnos a consumir informaci\u00f3n sin filtro ni discernimiento, aceptando como verdad absoluta lo que en realidad es una construcci\u00f3n parcial. Por eso, preservar la voz propia y cultivar un pensamiento cr\u00edtico se vuelve esencial: implica detenerse, preguntar, contrastar, y sobre todo, animarse a sentir y pensar desde el propio ser, sin delegar esa responsabilidad a las m\u00e1quinas o a las corrientes dominantes.<\/p>\n<p>Uno de los efectos m\u00e1s visibles de la era digital es la formaci\u00f3n de \u201cburbujas\u201d ideol\u00f3gicas. Los algoritmos tienden a mostrarnos solo aquello que coincide con nuestras opiniones previas, aisl\u00e1ndonos de la diversidad y alimentando una polarizaci\u00f3n que segmenta a la sociedad en bandos antag\u00f3nicos: blanco o negro, izquierda o derecha, norte o sur, trabajador o vago. Esta l\u00f3gica de enfrentamiento constante empobrece el debate p\u00fablico y dificulta la b\u00fasqueda de soluciones comunes. El mensaje de Le\u00f3n\u00a0XIV es claro: alejarnos de la sobre-simplificaci\u00f3n y abrirnos a la complejidad del mundo real, donde los matices enriquecen la convivencia. No faltan quienes alimentan sus intereses pol\u00edticos \u201cencerrando grupos de personas en burbujas de f\u00e1cil consenso y f\u00e1cil indignaci\u00f3n, estos algoritmos debilitan la capacidad de escucha y de pensamiento cr\u00edtico y aumentan la polarizaci\u00f3n social\u201d.<\/p>\n<p>Despreciar los matices implica renunciar a la riqueza de la experiencia humana. Cuando solo aceptamos dos opciones opuestas, excluimos la posibilidad de comprender al otro, de buscar puntos de encuentro y de matizar nuestras posturas. Esta visi\u00f3n binaria no solo empobrece el pensamiento, sino que tambi\u00e9n genera resentimiento, incomprensi\u00f3n y distancia. Los matices, en cambio, permiten tender puentes, reconocer la diversidad y abrazar la complejidad de cada situaci\u00f3n.<\/p>\n<p>El Papa Francisco sol\u00eda recurrir a la imagen del poliedro para ilustrar la belleza de un mundo donde conviven m\u00faltiples rostros y voces. A diferencia de la esfera, que es lisa y uniforme, el poliedro est\u00e1 formado por muchas caras distintas, cada una con su forma y color, pero todas componiendo un conjunto arm\u00f3nico. Esta imagen invita a valorar la diversidad como un bien, a reconocer que cada persona, grupo y cultura aporta una perspectiva \u00fanica e irrepetible. As\u00ed, la sociedad se enriquece y se fortalece, no a pesar de las diferencias, sino gracias a ellas.<\/p>\n<p>El mensaje del Papa Le\u00f3n XIV para la Jornada Mundial de las Comunicaciones Sociales es, en definitiva, un llamado a no despreciar los matices, a resistir la tentaci\u00f3n de los espejos artificiales y a recuperar el valor de las voces y rostros humanos. En tiempos de polarizaci\u00f3n y fragmentaci\u00f3n, urge apostar por la escucha atenta, el pensamiento propio y el di\u00e1logo sincero. Solo as\u00ed podremos construir puentes, sanar heridas y volver a descubrir la belleza de una humanidad plural, diversa y profundamente comunicada.<\/p>\n<p><iframe loading=\"lazy\" title=\"SAN JUAN MONSE\u00d1OR JORGE LOZANO \" width=\"800\" height=\"450\" src=\"https:\/\/www.youtube.com\/embed\/mbxYyzl7boY?feature=oembed\" frameborder=\"0\" allow=\"accelerometer; autoplay; clipboard-write; encrypted-media; gyroscope; picture-in-picture; web-share\" referrerpolicy=\"strict-origin-when-cross-origin\" allowfullscreen><\/iframe><\/p>\n<p>&nbsp;<\/p>\n<p><img loading=\"lazy\" decoding=\"async\" class=\"alignnone size-full wp-image-61416\" src=\"https:\/\/vocesparalelas.com.ar\/sitio\/wp-content\/uploads\/2023\/07\/ARZOBISPADO-EDIFICIO.jpg\" alt=\"\" width=\"800\" height=\"600\" srcset=\"https:\/\/vocesparalelas.com.ar\/sitio\/wp-content\/uploads\/2023\/07\/ARZOBISPADO-EDIFICIO.jpg 800w, https:\/\/vocesparalelas.com.ar\/sitio\/wp-content\/uploads\/2023\/07\/ARZOBISPADO-EDIFICIO-300x225.jpg 300w, https:\/\/vocesparalelas.com.ar\/sitio\/wp-content\/uploads\/2023\/07\/ARZOBISPADO-EDIFICIO-768x576.jpg 768w\" sizes=\"auto, (max-width: 800px) 100vw, 800px\" \/><\/p>\n","protected":false},"excerpt":{"rendered":"<p>Por el Arzobispo de San Juan de Cuyo, Monse\u00f1or Jorge Lozano Cada a\u00f1o, la Jornada Mundial de las Comunicaciones Sociales<\/p>\n","protected":false},"author":3,"featured_media":81112,"comment_status":"closed","ping_status":"closed","sticky":false,"template":"","format":"standard","meta":{"_acf_changed":false,"_seopress_robots_primary_cat":"none","_seopress_titles_title":"","_seopress_titles_desc":"","_seopress_robots_index":"","colormag_page_container_layout":"default_layout","colormag_page_sidebar_layout":"default_layout","footnotes":""},"categories":[10],"tags":[],"class_list":["post-96310","post","type-post","status-publish","format-standard","has-post-thumbnail","hentry","category-opiniones"],"acf":[],"_links":{"self":[{"href":"https:\/\/vocesparalelas.com.ar\/sitio\/wp-json\/wp\/v2\/posts\/96310","targetHints":{"allow":["GET"]}}],"collection":[{"href":"https:\/\/vocesparalelas.com.ar\/sitio\/wp-json\/wp\/v2\/posts"}],"about":[{"href":"https:\/\/vocesparalelas.com.ar\/sitio\/wp-json\/wp\/v2\/types\/post"}],"author":[{"embeddable":true,"href":"https:\/\/vocesparalelas.com.ar\/sitio\/wp-json\/wp\/v2\/users\/3"}],"replies":[{"embeddable":true,"href":"https:\/\/vocesparalelas.com.ar\/sitio\/wp-json\/wp\/v2\/comments?post=96310"}],"version-history":[{"count":1,"href":"https:\/\/vocesparalelas.com.ar\/sitio\/wp-json\/wp\/v2\/posts\/96310\/revisions"}],"predecessor-version":[{"id":96313,"href":"https:\/\/vocesparalelas.com.ar\/sitio\/wp-json\/wp\/v2\/posts\/96310\/revisions\/96313"}],"wp:featuredmedia":[{"embeddable":true,"href":"https:\/\/vocesparalelas.com.ar\/sitio\/wp-json\/wp\/v2\/media\/81112"}],"wp:attachment":[{"href":"https:\/\/vocesparalelas.com.ar\/sitio\/wp-json\/wp\/v2\/media?parent=96310"}],"wp:term":[{"taxonomy":"category","embeddable":true,"href":"https:\/\/vocesparalelas.com.ar\/sitio\/wp-json\/wp\/v2\/categories?post=96310"},{"taxonomy":"post_tag","embeddable":true,"href":"https:\/\/vocesparalelas.com.ar\/sitio\/wp-json\/wp\/v2\/tags?post=96310"}],"curies":[{"name":"wp","href":"https:\/\/api.w.org\/{rel}","templated":true}]}}