{"id":96292,"date":"2026-01-30T20:53:48","date_gmt":"2026-01-30T23:53:48","guid":{"rendered":"https:\/\/vocesparalelas.com.ar\/sitio\/?p=96292"},"modified":"2026-02-01T19:46:25","modified_gmt":"2026-02-01T22:46:25","slug":"convocatoria-temporada-2026-del-tb-de-san-juan-que-llega-a-su-fin","status":"publish","type":"post","link":"https:\/\/vocesparalelas.com.ar\/sitio\/convocatoria-temporada-2026-del-tb-de-san-juan-que-llega-a-su-fin\/","title":{"rendered":"Convocatoria \u00abTemporada 2026\u00bb del TB de San Juan que llega a su fin"},"content":{"rendered":"<p>En el marco de su d\u00e9cima temporada, el\u00a0Teatro del Bicentenario\u00a0recuerda que\u00a0hasta el Lunes, 02 de Febrero, a las 12 hs, se encuentra abierta la convocatoria\u00a0para integrar la programaci\u00f3n 2026 de la\u00a0Sala Audit\u00f3rium, un espacio clave para la creaci\u00f3n esc\u00e9nica contempor\u00e1nea.<\/p>\n<p>La invitaci\u00f3n est\u00e1\u00a0dirigida a creadores\u00a0mayores de 18 a\u00f1os, de todo el pa\u00eds y del exterior, que deseen presentar\u00a0proyectos de teatro, danza, m\u00fasica y expresiones interdisciplinarias, tanto obras in\u00e9ditas como reposiciones. Artistas, directores, core\u00f3grafos, productores y colectivos esc\u00e9nicos pueden postular sus propuestas para formar parte de un a\u00f1o significativo en la historia del TB.<\/p>\n<p>La convocatoria, que se encuentra vigente desde el 5 de Diciembre de 2025, entra en su tramo final y cierra\u00a0 definitivamente el 02 de Febrero de 2026, fecha l\u00edmite para la recepci\u00f3n de proyectos que, tras el proceso de evaluaci\u00f3n, integrar\u00e1n la temporada 2026.<\/p>\n<p>De esta manera, luego de una exitosa temporada 2025, con m\u00e1s de 65 espect\u00e1culos y una amplia diversidad de producciones, el TB renueva su compromiso con el impulso a la creaci\u00f3n, la circulaci\u00f3n y la promoci\u00f3n de propuestas esc\u00e9nicas que reflejen la vitalidad cultural local, nacional e internacional.<\/p>\n<p>El objetivo es construir una programaci\u00f3n plural, din\u00e1mica y diversa, que incorpore nuevas miradas, lenguajes innovadores y propuestas que ampl\u00eden los territorios creativos, fortaleciendo el v\u00ednculo entre artistas y p\u00fablico.<\/p>\n<p>Con capacidad para 194 espectadores, la Sala Audit\u00f3rium se consolida como un espacio \u00edntimo y vers\u00e1til, ideal para obras de c\u00e1mara, proyectos experimentales y propuestas que priorizan la cercan\u00eda y el encuentro directo con el p\u00fablico.<\/p>\n<p>Una vez cerrada la postulaci\u00f3n, la evaluaci\u00f3n de las propuestas y confirmaci\u00f3n de proyectos se llevar\u00e1 a cabo durante febrero. Las bases, condiciones y formulario de inscripci\u00f3n est\u00e1n disponibles en el sitio web oficial del Teatro del Bicentenario, en la secci\u00f3n \u201cForm\u00e1 Parte\u201d.<\/p>\n<p>&nbsp;<\/p>\n<p><img loading=\"lazy\" decoding=\"async\" class=\"alignnone size-large wp-image-21666\" src=\"https:\/\/vocesparalelas.com.ar\/sitio\/wp-content\/uploads\/2019\/06\/TEATRO-BICENTENARIO-10-800x600.jpg\" alt=\"\" width=\"800\" height=\"600\" srcset=\"https:\/\/vocesparalelas.com.ar\/sitio\/wp-content\/uploads\/2019\/06\/TEATRO-BICENTENARIO-10-800x600.jpg 800w, https:\/\/vocesparalelas.com.ar\/sitio\/wp-content\/uploads\/2019\/06\/TEATRO-BICENTENARIO-10-300x225.jpg 300w, https:\/\/vocesparalelas.com.ar\/sitio\/wp-content\/uploads\/2019\/06\/TEATRO-BICENTENARIO-10-768x576.jpg 768w, https:\/\/vocesparalelas.com.ar\/sitio\/wp-content\/uploads\/2019\/06\/TEATRO-BICENTENARIO-10.jpg 1000w\" sizes=\"auto, (max-width: 800px) 100vw, 800px\" \/><\/p>\n","protected":false},"excerpt":{"rendered":"<p>En el marco de su d\u00e9cima temporada, el\u00a0Teatro del Bicentenario\u00a0recuerda que\u00a0hasta el Lunes, 02 de Febrero, a las 12 hs,<\/p>\n","protected":false},"author":3,"featured_media":41613,"comment_status":"closed","ping_status":"closed","sticky":false,"template":"","format":"standard","meta":{"_acf_changed":false,"_seopress_robots_primary_cat":"none","_seopress_titles_title":"","_seopress_titles_desc":"","_seopress_robots_index":"","colormag_page_container_layout":"default_layout","colormag_page_sidebar_layout":"default_layout","footnotes":""},"categories":[2],"tags":[],"class_list":["post-96292","post","type-post","status-publish","format-standard","has-post-thumbnail","hentry","category-convocatorias"],"acf":[],"_links":{"self":[{"href":"https:\/\/vocesparalelas.com.ar\/sitio\/wp-json\/wp\/v2\/posts\/96292","targetHints":{"allow":["GET"]}}],"collection":[{"href":"https:\/\/vocesparalelas.com.ar\/sitio\/wp-json\/wp\/v2\/posts"}],"about":[{"href":"https:\/\/vocesparalelas.com.ar\/sitio\/wp-json\/wp\/v2\/types\/post"}],"author":[{"embeddable":true,"href":"https:\/\/vocesparalelas.com.ar\/sitio\/wp-json\/wp\/v2\/users\/3"}],"replies":[{"embeddable":true,"href":"https:\/\/vocesparalelas.com.ar\/sitio\/wp-json\/wp\/v2\/comments?post=96292"}],"version-history":[{"count":1,"href":"https:\/\/vocesparalelas.com.ar\/sitio\/wp-json\/wp\/v2\/posts\/96292\/revisions"}],"predecessor-version":[{"id":96295,"href":"https:\/\/vocesparalelas.com.ar\/sitio\/wp-json\/wp\/v2\/posts\/96292\/revisions\/96295"}],"wp:featuredmedia":[{"embeddable":true,"href":"https:\/\/vocesparalelas.com.ar\/sitio\/wp-json\/wp\/v2\/media\/41613"}],"wp:attachment":[{"href":"https:\/\/vocesparalelas.com.ar\/sitio\/wp-json\/wp\/v2\/media?parent=96292"}],"wp:term":[{"taxonomy":"category","embeddable":true,"href":"https:\/\/vocesparalelas.com.ar\/sitio\/wp-json\/wp\/v2\/categories?post=96292"},{"taxonomy":"post_tag","embeddable":true,"href":"https:\/\/vocesparalelas.com.ar\/sitio\/wp-json\/wp\/v2\/tags?post=96292"}],"curies":[{"name":"wp","href":"https:\/\/api.w.org\/{rel}","templated":true}]}}