{"id":96271,"date":"2026-01-30T18:27:36","date_gmt":"2026-01-30T21:27:36","guid":{"rendered":"https:\/\/vocesparalelas.com.ar\/sitio\/?p=96271"},"modified":"2026-01-31T12:36:31","modified_gmt":"2026-01-31T15:36:31","slug":"tarifa-social-federal-en-la-sube-sus-beneficiario-no-deben-realizar-tramites-de-renovacion","status":"publish","type":"post","link":"https:\/\/vocesparalelas.com.ar\/sitio\/tarifa-social-federal-en-la-sube-sus-beneficiario-no-deben-realizar-tramites-de-renovacion\/","title":{"rendered":"Tarifa Social Federal en la SUBE sus beneficiario no deben realizar tr\u00e1mites de renovaci\u00f3n"},"content":{"rendered":"<p>Desde el Ministerio de Gobierno informan que las personas que viajan con Tarifa Social Federal, beneficio brindado por el Estado nacional, en la tarjeta SUBE, no deben realizar ning\u00fan tr\u00e1mite de renovaci\u00f3n, ya que el descuento del 55% para viajes en trenes y colectivos se mantiene activo autom\u00e1ticamente.<\/p>\n<p><strong><span style=\"color: #ff6600;\">Quienes pueden acceder a este beneficio son:<\/span><\/strong><\/p>\n<ul>\n<li>Jubilados y\/o pensionados<\/li>\n<li>Personal de Trabajo Dom\u00e9stico<\/li>\n<li>Veteranos de la Guerra de Malvinas<\/li>\n<li>Monotributistas Sociales<\/li>\n<li>Beneficiarios de: &#8211; Asignaci\u00f3n Universal por Hijo &#8211; Asignaci\u00f3n por Embarazo &#8211; Programa de J\u00f3venes con M\u00e1s y Mejor trabajo &#8211; Seguro por Desempleo &#8211; Seguro de Capacitaci\u00f3n y Empleo &#8211; Programa Promover Igualdad de Oportunidades &#8211; Programa PROGRESAR &#8211; Programa Volver al Trabajo &#8211; Programa Acompa\u00f1amiento Social &#8211; Pensiones No Contributivas<\/li>\n<\/ul>\n<p><span style=\"color: #ff6600;\"><strong>Aquellas personas que a\u00fan no la hayan gestionado pueden obtenerla siguiendo estos pasos:<\/strong><\/span><\/p>\n<ul>\n<li>Crear el PIN SUBE en el apartado \u201cProgramas y beneficios\u201d de Mi ANSES.<\/li>\n<li>Registrar la tarjeta SUBE en argentina.gob.ar\/SUBE.<\/li>\n<li>Aplicar el beneficio en una Terminal Autom\u00e1tica SUBE o desde la app SUBE, en la opci\u00f3n \u201cVer saldo\u201d, disponible para celulares con Android 6 o superior y tecnolog\u00eda NFC.<\/li>\n<\/ul>\n<p>Por otro lado, quienes viajan con atributos locales otorgados por autoridades provinciales o municipales, como el Boleto Estudiantil, deben consultar las condiciones y vigencia correspondientes en cada jurisdicci\u00f3n.<br \/>\nPara m\u00e1s informaci\u00f3n sobre la Tarifa Social Federal, consultar la web de SUBE en www.argentina.gob.ar\/sube<\/p>\n<p><img loading=\"lazy\" decoding=\"async\" class=\"alignnone size-large wp-image-18849\" src=\"https:\/\/vocesparalelas.com.ar\/sitio\/wp-content\/uploads\/2019\/02\/TARJETA-SUBE-800x445.jpg\" alt=\"\" width=\"800\" height=\"445\" srcset=\"https:\/\/vocesparalelas.com.ar\/sitio\/wp-content\/uploads\/2019\/02\/TARJETA-SUBE-800x445.jpg 800w, https:\/\/vocesparalelas.com.ar\/sitio\/wp-content\/uploads\/2019\/02\/TARJETA-SUBE-300x167.jpg 300w, https:\/\/vocesparalelas.com.ar\/sitio\/wp-content\/uploads\/2019\/02\/TARJETA-SUBE-768x427.jpg 768w, https:\/\/vocesparalelas.com.ar\/sitio\/wp-content\/uploads\/2019\/02\/TARJETA-SUBE.jpg 1000w\" sizes=\"auto, (max-width: 800px) 100vw, 800px\" \/><\/p>\n","protected":false},"excerpt":{"rendered":"<p>Desde el Ministerio de Gobierno informan que las personas que viajan con Tarifa Social Federal, beneficio brindado por el Estado<\/p>\n","protected":false},"author":3,"featured_media":26759,"comment_status":"closed","ping_status":"closed","sticky":false,"template":"","format":"standard","meta":{"_acf_changed":false,"_seopress_robots_primary_cat":"none","_seopress_titles_title":"","_seopress_titles_desc":"","_seopress_robots_index":"","colormag_page_container_layout":"default_layout","colormag_page_sidebar_layout":"default_layout","footnotes":""},"categories":[5],"tags":[],"class_list":["post-96271","post","type-post","status-publish","format-standard","has-post-thumbnail","hentry","category-ofrecimientos"],"acf":[],"_links":{"self":[{"href":"https:\/\/vocesparalelas.com.ar\/sitio\/wp-json\/wp\/v2\/posts\/96271","targetHints":{"allow":["GET"]}}],"collection":[{"href":"https:\/\/vocesparalelas.com.ar\/sitio\/wp-json\/wp\/v2\/posts"}],"about":[{"href":"https:\/\/vocesparalelas.com.ar\/sitio\/wp-json\/wp\/v2\/types\/post"}],"author":[{"embeddable":true,"href":"https:\/\/vocesparalelas.com.ar\/sitio\/wp-json\/wp\/v2\/users\/3"}],"replies":[{"embeddable":true,"href":"https:\/\/vocesparalelas.com.ar\/sitio\/wp-json\/wp\/v2\/comments?post=96271"}],"version-history":[{"count":1,"href":"https:\/\/vocesparalelas.com.ar\/sitio\/wp-json\/wp\/v2\/posts\/96271\/revisions"}],"predecessor-version":[{"id":96274,"href":"https:\/\/vocesparalelas.com.ar\/sitio\/wp-json\/wp\/v2\/posts\/96271\/revisions\/96274"}],"wp:featuredmedia":[{"embeddable":true,"href":"https:\/\/vocesparalelas.com.ar\/sitio\/wp-json\/wp\/v2\/media\/26759"}],"wp:attachment":[{"href":"https:\/\/vocesparalelas.com.ar\/sitio\/wp-json\/wp\/v2\/media?parent=96271"}],"wp:term":[{"taxonomy":"category","embeddable":true,"href":"https:\/\/vocesparalelas.com.ar\/sitio\/wp-json\/wp\/v2\/categories?post=96271"},{"taxonomy":"post_tag","embeddable":true,"href":"https:\/\/vocesparalelas.com.ar\/sitio\/wp-json\/wp\/v2\/tags?post=96271"}],"curies":[{"name":"wp","href":"https:\/\/api.w.org\/{rel}","templated":true}]}}