{"id":96198,"date":"2026-01-27T23:31:20","date_gmt":"2026-01-28T02:31:20","guid":{"rendered":"https:\/\/vocesparalelas.com.ar\/sitio\/?p=96198"},"modified":"2026-01-29T00:16:30","modified_gmt":"2026-01-29T03:16:30","slug":"certificado-de-antecedentes-y-planilla-prontuarial-para-el-ingreso-a-la-docencia-2026-de-san-juan","status":"publish","type":"post","link":"https:\/\/vocesparalelas.com.ar\/sitio\/certificado-de-antecedentes-y-planilla-prontuarial-para-el-ingreso-a-la-docencia-2026-de-san-juan\/","title":{"rendered":"Certificado de Antecedentes y Planilla Prontuarial para el Ingreso a la docencia 2026 de San Juan"},"content":{"rendered":"<p>El Ministerio de Educaci\u00f3n del Gobierno de San Juan recuerda a los docentes que pueden tramitar el Certificado de Antecedentes y la Planilla Prontuarial requerida para el Ingreso a la docencia 2026 en la sede ministerial. Si el solicitante cuenta con antecedentes debe acudir a la Central de Polic\u00eda.<\/p>\n<p>En horario de 12 a 19 hs, pueden tramitar las certificaciones en la Oficina de Personal, ubicada en el N\u00facleo 1, 2\u00b0 piso del Centro C\u00edvico.<\/p>\n<p>Solo los docentes pueden realizar este tr\u00e1mite en el Ministerio de Educaci\u00f3n con el objetivo de agilizar la obtenci\u00f3n de la documentaci\u00f3n, necesaria y obligatoria, para la inscripci\u00f3n en las distintas Juntas de Clasificaci\u00f3n para el ingreso a la docencia.<\/p>\n<p>Con el mismo criterio se aclara que la documentaci\u00f3n emitida por esta oficina solo tiene validez para ser presentada ante organismos dependientes del Ministerio de Educaci\u00f3n de San Juan.<\/p>\n<p>&nbsp;<\/p>\n<p><img loading=\"lazy\" decoding=\"async\" class=\"alignnone size-full wp-image-28629\" src=\"https:\/\/vocesparalelas.com.ar\/sitio\/wp-content\/uploads\/2020\/05\/MINISTERIO-EDUCACION-SJ.jpg\" alt=\"\" width=\"800\" height=\"533\" srcset=\"https:\/\/vocesparalelas.com.ar\/sitio\/wp-content\/uploads\/2020\/05\/MINISTERIO-EDUCACION-SJ.jpg 800w, https:\/\/vocesparalelas.com.ar\/sitio\/wp-content\/uploads\/2020\/05\/MINISTERIO-EDUCACION-SJ-300x200.jpg 300w, https:\/\/vocesparalelas.com.ar\/sitio\/wp-content\/uploads\/2020\/05\/MINISTERIO-EDUCACION-SJ-768x512.jpg 768w\" sizes=\"auto, (max-width: 800px) 100vw, 800px\" \/><\/p>\n","protected":false},"excerpt":{"rendered":"<p>El Ministerio de Educaci\u00f3n del Gobierno de San Juan recuerda a los docentes que pueden tramitar el Certificado de Antecedentes<\/p>\n","protected":false},"author":3,"featured_media":63322,"comment_status":"closed","ping_status":"closed","sticky":false,"template":"","format":"standard","meta":{"_acf_changed":false,"_seopress_robots_primary_cat":"none","_seopress_titles_title":"","_seopress_titles_desc":"","_seopress_robots_index":"","colormag_page_container_layout":"default_layout","colormag_page_sidebar_layout":"default_layout","footnotes":""},"categories":[5],"tags":[],"class_list":["post-96198","post","type-post","status-publish","format-standard","has-post-thumbnail","hentry","category-ofrecimientos"],"acf":[],"_links":{"self":[{"href":"https:\/\/vocesparalelas.com.ar\/sitio\/wp-json\/wp\/v2\/posts\/96198","targetHints":{"allow":["GET"]}}],"collection":[{"href":"https:\/\/vocesparalelas.com.ar\/sitio\/wp-json\/wp\/v2\/posts"}],"about":[{"href":"https:\/\/vocesparalelas.com.ar\/sitio\/wp-json\/wp\/v2\/types\/post"}],"author":[{"embeddable":true,"href":"https:\/\/vocesparalelas.com.ar\/sitio\/wp-json\/wp\/v2\/users\/3"}],"replies":[{"embeddable":true,"href":"https:\/\/vocesparalelas.com.ar\/sitio\/wp-json\/wp\/v2\/comments?post=96198"}],"version-history":[{"count":1,"href":"https:\/\/vocesparalelas.com.ar\/sitio\/wp-json\/wp\/v2\/posts\/96198\/revisions"}],"predecessor-version":[{"id":96201,"href":"https:\/\/vocesparalelas.com.ar\/sitio\/wp-json\/wp\/v2\/posts\/96198\/revisions\/96201"}],"wp:featuredmedia":[{"embeddable":true,"href":"https:\/\/vocesparalelas.com.ar\/sitio\/wp-json\/wp\/v2\/media\/63322"}],"wp:attachment":[{"href":"https:\/\/vocesparalelas.com.ar\/sitio\/wp-json\/wp\/v2\/media?parent=96198"}],"wp:term":[{"taxonomy":"category","embeddable":true,"href":"https:\/\/vocesparalelas.com.ar\/sitio\/wp-json\/wp\/v2\/categories?post=96198"},{"taxonomy":"post_tag","embeddable":true,"href":"https:\/\/vocesparalelas.com.ar\/sitio\/wp-json\/wp\/v2\/tags?post=96198"}],"curies":[{"name":"wp","href":"https:\/\/api.w.org\/{rel}","templated":true}]}}