{"id":96173,"date":"2026-01-26T22:38:41","date_gmt":"2026-01-27T01:38:41","guid":{"rendered":"https:\/\/vocesparalelas.com.ar\/sitio\/?p=96173"},"modified":"2026-01-27T23:59:53","modified_gmt":"2026-01-28T02:59:53","slug":"perdida-del-dni-fuera-de-san-juan-pero-dentro-de-argentina","status":"publish","type":"post","link":"https:\/\/vocesparalelas.com.ar\/sitio\/perdida-del-dni-fuera-de-san-juan-pero-dentro-de-argentina\/","title":{"rendered":"P\u00e9rdida del DNI fuera de San Juan pero dentro de Argentina"},"content":{"rendered":"<p>El Ministerio de Gobierno de San Juan informa ante una eventualidad de p\u00e9rdida del DNI fuera de San Juan, pero dentro del territorio argentino.<\/p>\n<p>A priori, desde la Direcci\u00f3n de Registro de Estado Civil y Capacidad de las Personas, se recomienda tener el DNI Digital a trav\u00e9s del celular antes de viajar. En tanto, explicaron que en caso de extrav\u00edo de DNI en otra provincia la persona afectada debe concurrir a la delegaci\u00f3n de Registro Civil m\u00e1s cercana para consultar c\u00f3mo proceder.<\/p>\n<p>Adem\u00e1s, recalcaron que cada provincia organiza la modalidad de brindar sus servicios de manera diferente, con turnos o con presentaci\u00f3n espont\u00e1nea.<\/p>\n<p><span style=\"color: #ff6600;\"><strong>DNI formato digital<\/strong><\/span><\/p>\n<p>El DNI Digital a trav\u00e9s del celular cuenta con altos niveles de seguridad y tiene las mismas funciones que el DNI tarjeta, excepto para votar y viajar fuera del pa\u00eds. Mucha m\u00e1s comodidad a la hora de acreditar la identidad, sin la necesidad de llevar encima el DNI tarjeta.<\/p>\n<p><strong><span style=\"color: #ff6600;\">\u00bfQu\u00e9 se necesita?<\/span><\/strong><\/p>\n<ul>\n<li>DNI vigente.<\/li>\n<li>Tel\u00e9fono celular con sistema operativo Android (a partir del 5.0.21) o iOS (a partir del 11.0).<\/li>\n<li>Aplicaci\u00f3n Mi Argentina descargada en el celular.<\/li>\n<li>Cuenta con identidad validada Nivel 3 en la aplicaci\u00f3n Mi Argentina.<\/li>\n<\/ul>\n<p><span style=\"color: #ff6600;\"><strong>\u00bfC\u00f3mo se realiza?<\/strong><\/span><\/p>\n<ul>\n<li>Descargar la app Mi Argentina.<\/li>\n<li>Crear la cuenta y completar la validaci\u00f3n biom\u00e9trica para poder acceder a las credenciales digitales.<\/li>\n<li>Para acceder al DNI desde un celular, seleccionar el apellido y nombre de la lista desplegable.<\/li>\n<li>Para acceder al DNI de los hijos menores de edad, en la lista pueden aparecer sus datos, si no es as\u00ed, se puede usar el bot\u00f3n de Asociar un hijo\/a como requisito previo a solicitar el DNI.<\/li>\n<\/ul>\n<p>Recordar que es un elemento de identificaci\u00f3n personal y no se puede instalar en dos dispositivos.<\/p>\n<p><img loading=\"lazy\" decoding=\"async\" class=\"alignnone size-full wp-image-67867\" src=\"https:\/\/vocesparalelas.com.ar\/sitio\/wp-content\/uploads\/2024\/01\/DNI-ELECTRONICO-01.jpg\" alt=\"\" width=\"800\" height=\"602\" srcset=\"https:\/\/vocesparalelas.com.ar\/sitio\/wp-content\/uploads\/2024\/01\/DNI-ELECTRONICO-01.jpg 800w, https:\/\/vocesparalelas.com.ar\/sitio\/wp-content\/uploads\/2024\/01\/DNI-ELECTRONICO-01-300x226.jpg 300w, https:\/\/vocesparalelas.com.ar\/sitio\/wp-content\/uploads\/2024\/01\/DNI-ELECTRONICO-01-768x578.jpg 768w\" sizes=\"auto, (max-width: 800px) 100vw, 800px\" \/><\/p>\n<p>&nbsp;<\/p>\n","protected":false},"excerpt":{"rendered":"<p>El Ministerio de Gobierno de San Juan informa ante una eventualidad de p\u00e9rdida del DNI fuera de San Juan, pero<\/p>\n","protected":false},"author":3,"featured_media":96177,"comment_status":"closed","ping_status":"closed","sticky":false,"template":"","format":"standard","meta":{"_acf_changed":false,"_seopress_robots_primary_cat":"none","_seopress_titles_title":"","_seopress_titles_desc":"","_seopress_robots_index":"","colormag_page_container_layout":"default_layout","colormag_page_sidebar_layout":"default_layout","footnotes":""},"categories":[6],"tags":[],"class_list":["post-96173","post","type-post","status-publish","format-standard","has-post-thumbnail","hentry","category-eventos"],"acf":[],"_links":{"self":[{"href":"https:\/\/vocesparalelas.com.ar\/sitio\/wp-json\/wp\/v2\/posts\/96173","targetHints":{"allow":["GET"]}}],"collection":[{"href":"https:\/\/vocesparalelas.com.ar\/sitio\/wp-json\/wp\/v2\/posts"}],"about":[{"href":"https:\/\/vocesparalelas.com.ar\/sitio\/wp-json\/wp\/v2\/types\/post"}],"author":[{"embeddable":true,"href":"https:\/\/vocesparalelas.com.ar\/sitio\/wp-json\/wp\/v2\/users\/3"}],"replies":[{"embeddable":true,"href":"https:\/\/vocesparalelas.com.ar\/sitio\/wp-json\/wp\/v2\/comments?post=96173"}],"version-history":[{"count":1,"href":"https:\/\/vocesparalelas.com.ar\/sitio\/wp-json\/wp\/v2\/posts\/96173\/revisions"}],"predecessor-version":[{"id":96176,"href":"https:\/\/vocesparalelas.com.ar\/sitio\/wp-json\/wp\/v2\/posts\/96173\/revisions\/96176"}],"wp:featuredmedia":[{"embeddable":true,"href":"https:\/\/vocesparalelas.com.ar\/sitio\/wp-json\/wp\/v2\/media\/96177"}],"wp:attachment":[{"href":"https:\/\/vocesparalelas.com.ar\/sitio\/wp-json\/wp\/v2\/media?parent=96173"}],"wp:term":[{"taxonomy":"category","embeddable":true,"href":"https:\/\/vocesparalelas.com.ar\/sitio\/wp-json\/wp\/v2\/categories?post=96173"},{"taxonomy":"post_tag","embeddable":true,"href":"https:\/\/vocesparalelas.com.ar\/sitio\/wp-json\/wp\/v2\/tags?post=96173"}],"curies":[{"name":"wp","href":"https:\/\/api.w.org\/{rel}","templated":true}]}}