{"id":96168,"date":"2026-01-26T22:31:25","date_gmt":"2026-01-27T01:31:25","guid":{"rendered":"https:\/\/vocesparalelas.com.ar\/sitio\/?p=96168"},"modified":"2026-01-27T23:43:31","modified_gmt":"2026-01-28T02:43:31","slug":"becas-de-posgrado-en-tailandia-2026","status":"publish","type":"post","link":"https:\/\/vocesparalelas.com.ar\/sitio\/becas-de-posgrado-en-tailandia-2026\/","title":{"rendered":"Becas de posgrado en Tailandia 2026"},"content":{"rendered":"<p>El Ministerio de Gobierno de San Juan, a trav\u00e9s de la Secretar\u00eda de Relaciones Institucionales junto con la Direcci\u00f3n Nacional de Cooperaci\u00f3n Internacional, informa que se encuentra abierta la convocatoria a becas de posgrado en Tailandia, en el marco del programa Annual International Training Course &#8211; AITC &#8211; 2026.<\/p>\n<p>La iniciativa es impulsada por el Gobierno Real de Tailandia, a trav\u00e9s de la Agencia de Cooperaci\u00f3n Internacional de Tailandia &#8211; TICA -, y est\u00e1 destinada a cursos cortos de capacitaci\u00f3n en diversas \u00e1reas de inter\u00e9s. El Gobierno Real de Tailandia cubrir\u00e1 los gastos de los candidatos que resulten seleccionados, incluyendo manutenci\u00f3n, alojamiento, materiales de estudio, matr\u00edcula y seguro de salud. Se sugiere, adem\u00e1s, contar con un seguro de asistencia al viajero por cualquier eventualidad.<\/p>\n<p>Las personas interesadas deben remitir la documentaci\u00f3n correspondiente al correo<br \/>\n<span id=\"cloakf2b25aaa2254cf3a9a140e06cd3ff3ef\"><\/span><\/p>\n<p><span id=\"cloakf2b25aaa2254cf3a9a140e06cd3ff3ef\"><a href=\"mailto:becasbilaterales@mrecic.gov.ar\">becasbilaterales@mrecic.gov.ar<\/a><\/span><\/p>\n<p>con copia a\u00a0<span id=\"cloakeebc77b91dfc4fa4438582fb780cd97a\"><a href=\"mailto:dintegracionregional@sanjuan.gov.ar\">dintegracionregional@sanjuan.gov.ar<\/a><\/span><\/p>\n<p>La informaci\u00f3n personal debe ser enviada con una antelaci\u00f3n m\u00ednima de 45 d\u00edas previos a la fecha de cierre establecida para cada curso seg\u00fan el listado oficial de la TICA. Las postulaciones incompletas o presentadas fuera de los plazos indicados no ser\u00e1n consideradas.<\/p>\n<p>Las fechas l\u00edmite de postulaci\u00f3n se extienden entre febrero y agosto de 2026, dependiendo del curso seleccionado. La oferta acad\u00e9mica del AITC 2026 incluye \u00e1reas como Salud y Bienestar; Econom\u00eda y Comercio; Desarrollo Inclusivo; Filosof\u00eda de la Econom\u00eda de Suficiencia para los Objetivos de Desarrollo Sostenible, entre otras.<\/p>\n<p><span style=\"color: #ff6600;\"><strong>Para m\u00e1s informaci\u00f3n, se puede consultar el calendario oficial de cursos en<\/strong><\/span><\/p>\n<p><a href=\"https:\/\/tica-thaigov.mfa.go.th\/en\/content\/aitc-2026-calendar\">https:\/\/tica-thaigov.mfa.go.th\/en\/content\/aitc-2026-calendar<\/a><\/p>\n<p><strong><span style=\"color: #ff6600;\">Tambi\u00e9n se encuentra disponible asesoramiento a trav\u00e9s de:<\/span><\/strong><\/p>\n<p>Direcci\u00f3n de Integraci\u00f3n y Desarrollo Regional<br \/>\nTel.: 4307209<br \/>\nCorreo:\u00a0<span id=\"cloak43254621d31abb5cb99439b9c507f8b5\"><a href=\"mailto:dintegracionregional@sanjuan.gov.ar\">dintegracionregional@sanjuan.gov.ar<\/a><\/span><\/p>\n<p>Horario: de 8 a 13 horas.<\/p>\n<p>&nbsp;<\/p>\n<p><img loading=\"lazy\" decoding=\"async\" class=\"alignnone size-full wp-image-96171\" src=\"https:\/\/vocesparalelas.com.ar\/sitio\/wp-content\/uploads\/2026\/01\/TAILANDIA-02.jpg\" alt=\"\" width=\"800\" height=\"506\" srcset=\"https:\/\/vocesparalelas.com.ar\/sitio\/wp-content\/uploads\/2026\/01\/TAILANDIA-02.jpg 800w, https:\/\/vocesparalelas.com.ar\/sitio\/wp-content\/uploads\/2026\/01\/TAILANDIA-02-300x190.jpg 300w, https:\/\/vocesparalelas.com.ar\/sitio\/wp-content\/uploads\/2026\/01\/TAILANDIA-02-768x486.jpg 768w\" sizes=\"auto, (max-width: 800px) 100vw, 800px\" \/><\/p>\n","protected":false},"excerpt":{"rendered":"<p>El Ministerio de Gobierno de San Juan, a trav\u00e9s de la Secretar\u00eda de Relaciones Institucionales junto con la Direcci\u00f3n Nacional<\/p>\n","protected":false},"author":3,"featured_media":39831,"comment_status":"closed","ping_status":"closed","sticky":false,"template":"","format":"standard","meta":{"_acf_changed":false,"_seopress_robots_primary_cat":"none","_seopress_titles_title":"","_seopress_titles_desc":"","_seopress_robots_index":"","colormag_page_container_layout":"default_layout","colormag_page_sidebar_layout":"default_layout","footnotes":""},"categories":[15],"tags":[],"class_list":["post-96168","post","type-post","status-publish","format-standard","has-post-thumbnail","hentry","category-posgrados"],"acf":[],"_links":{"self":[{"href":"https:\/\/vocesparalelas.com.ar\/sitio\/wp-json\/wp\/v2\/posts\/96168","targetHints":{"allow":["GET"]}}],"collection":[{"href":"https:\/\/vocesparalelas.com.ar\/sitio\/wp-json\/wp\/v2\/posts"}],"about":[{"href":"https:\/\/vocesparalelas.com.ar\/sitio\/wp-json\/wp\/v2\/types\/post"}],"author":[{"embeddable":true,"href":"https:\/\/vocesparalelas.com.ar\/sitio\/wp-json\/wp\/v2\/users\/3"}],"replies":[{"embeddable":true,"href":"https:\/\/vocesparalelas.com.ar\/sitio\/wp-json\/wp\/v2\/comments?post=96168"}],"version-history":[{"count":1,"href":"https:\/\/vocesparalelas.com.ar\/sitio\/wp-json\/wp\/v2\/posts\/96168\/revisions"}],"predecessor-version":[{"id":96172,"href":"https:\/\/vocesparalelas.com.ar\/sitio\/wp-json\/wp\/v2\/posts\/96168\/revisions\/96172"}],"wp:featuredmedia":[{"embeddable":true,"href":"https:\/\/vocesparalelas.com.ar\/sitio\/wp-json\/wp\/v2\/media\/39831"}],"wp:attachment":[{"href":"https:\/\/vocesparalelas.com.ar\/sitio\/wp-json\/wp\/v2\/media?parent=96168"}],"wp:term":[{"taxonomy":"category","embeddable":true,"href":"https:\/\/vocesparalelas.com.ar\/sitio\/wp-json\/wp\/v2\/categories?post=96168"},{"taxonomy":"post_tag","embeddable":true,"href":"https:\/\/vocesparalelas.com.ar\/sitio\/wp-json\/wp\/v2\/tags?post=96168"}],"curies":[{"name":"wp","href":"https:\/\/api.w.org\/{rel}","templated":true}]}}