{"id":96138,"date":"2026-01-24T20:17:53","date_gmt":"2026-01-24T23:17:53","guid":{"rendered":"https:\/\/vocesparalelas.com.ar\/sitio\/?p=96138"},"modified":"2026-01-26T17:16:29","modified_gmt":"2026-01-26T20:16:29","slug":"visitas-inoportunas-y-de-las-otras","status":"publish","type":"post","link":"https:\/\/vocesparalelas.com.ar\/sitio\/visitas-inoportunas-y-de-las-otras\/","title":{"rendered":"Visitas inoportunas y de las otras"},"content":{"rendered":"<p>Por el Arzobispo de San Juan de Cuyo, Monse\u00f1or Jorge Lozano<\/p>\n<p>Alguna vez nos pudo suceder recibir a alguien que llega en el momento menos pensado y, adem\u00e1s inadecuado. Est\u00e1bamos por salir, y justo nos cae sin previo aviso una persona a la que no podemos eludir. No quiero poner ejemplos para no incomodar, pero si hac\u00e9s memoria sab\u00e9s a qu\u00e9 me refiero.<\/p>\n<p>Otras visitas, en cambio, son largamente esperadas y anheladas. Y disfrutamos tanto el compartir la vida que quisi\u00e9ramos que ese momento no se termine.<\/p>\n<p>Hoy la Iglesia celebra el Domingo de la Palabra de Dios, una jornada dedicada a redescubrir el valor de la Sagrada Escritura en la vida de los fieles. Este a\u00f1o el lema elegido es una invitaci\u00f3n profunda y directa: \u201cLa palabra de Cristo habite en ustedes\u201d (Col 3,16). Tomada de la Carta de san Pablo a los Colosenses, esta frase nos mueve a ir m\u00e1s all\u00e1 de una escucha superficial, proponiendo que la Palabra ocupe un lugar central, vital y transformador en nuestro coraz\u00f3n y en nuestra comunidad.dom<\/p>\n<p>El Ap\u00f3stol no se limita a sugerir que la Palabra debe ser escuchada o estudiada ocasionalmente. El verbo \u201chabitar\u201d implica residencia, estabilidad. Pablo nos llama a permitir que la Palabra de Cristo eche ra\u00edces profundas en nuestro interior, que influya de manera concreta en nuestros pensamientos, decisiones y sentimientos. La Palabra no es solo un mensaje, sino una presencia viva, activa y transformadora, capaz de renovar nuestro modo de ser y de relacionarnos con los dem\u00e1s.<\/p>\n<p>No se trata \u00fanicamente de cumplir mandatos morales o de seguir normas externas, sino de dejarse transformar existencialmente desde adentro por el Evangelio. La Palabra, al habitar en nosotros, se convierte en fuente de luz que orienta nuestras b\u00fasquedas, nos ayuda a discernir en medio de las dudas y nos impulsa a un testimonio que brota de la autenticidad.<\/p>\n<p>Dejar que la Palabra habite en nosotros implica tambi\u00e9n una actitud de escucha atenta, personal y comunitaria, donde cada uno se deja cuestionar y renovar. Nos incomoda y desinstala, nos mueve a la conversi\u00f3n.<\/p>\n<p>Este a\u00f1o, el Domingo de la Palabra de Dios coincide providencialmente con la celebraci\u00f3n de la conversi\u00f3n de san Pablo. Recordar el momento en que el perseguidor de cristianos se encontr\u00f3 con Cristo en el camino a Damasco es una oportunidad para comprender la fuerza transformadora de la Palabra cuando es acogida con humildad y docilidad. Pablo no solo escuch\u00f3 una voz; permiti\u00f3 que esa Palabra habitara en \u00e9l, lo despojara de seguridades viejas y lo lanzara a una vida nueva, al servicio del Evangelio.<\/p>\n<p>La experiencia de Pablo nos interpela: \u00bfEstamos dispuestos a dejar que la Palabra nos saque de nuestras comodidades y rutinas, que nos lleve a nuevas formas de entrega, testimonio y misi\u00f3n?<\/p>\n<p>En el Evangelio de San Juan, encontramos una pregunta llena de sinceridad y b\u00fasqueda: \u201cSe\u00f1or, \u00bfa qui\u00e9n iremos? T\u00fa tienes palabras de vida eterna\u201d (Jn 6,68). As\u00ed se expresa Pedro en un momento de confusi\u00f3n y desorientaci\u00f3n. Muchos disc\u00edpulos dudan, no comprenden el mensaje de Jes\u00fas y deciden apartarse. Sin embargo, Pedro y los dem\u00e1s ap\u00f3stoles, a pesar de sus inseguridades, reconocen que solo en Jes\u00fas encuentran el sentido y la plenitud, \u201cpalabras de vida eterna\u201d.<\/p>\n<p>Esta escena refleja la experiencia de tantos creyentes hoy. En medio de dudas, cansancios o dificultades, la Palabra de Cristo sigue siendo br\u00fajula que orienta, consuela y da vida. Dejar que la Palabra habite en nosotros implica tambi\u00e9n acogerla en los momentos de oscuridad, cuando todo parece confuso. Es entonces cuando la confianza sencilla y fiel, como la de Pedro, nos sostiene y nos permite seguir adelante.<\/p>\n<p>El Domingo de la Palabra de Dios es una oportunidad para renovar nuestro compromiso con la Sagrada Escritura, no como un libro m\u00e1s, sino como presencia viva de Cristo entre nosotros. Que este a\u00f1o, inspirados por el lema \u201cLa palabra de Cristo habite en ustedes\u201d y el ejemplo de san Pablo, nos animemos a dejar que la Palabra transforme nuestra existencia desde dentro, nos impulse a un testimonio cre\u00edble y nos fortalezca en los momentos de duda y b\u00fasqueda.<\/p>\n<p><iframe loading=\"lazy\" title=\"SAN JUAN MONSE\u00d1OR JORGE LOZANO \" width=\"800\" height=\"450\" src=\"https:\/\/www.youtube.com\/embed\/UziupK0RhgU?feature=oembed\" frameborder=\"0\" allow=\"accelerometer; autoplay; clipboard-write; encrypted-media; gyroscope; picture-in-picture; web-share\" referrerpolicy=\"strict-origin-when-cross-origin\" allowfullscreen><\/iframe><\/p>\n<p>&nbsp;<\/p>\n<p><img loading=\"lazy\" decoding=\"async\" class=\"alignnone size-full wp-image-61416\" src=\"https:\/\/vocesparalelas.com.ar\/sitio\/wp-content\/uploads\/2023\/07\/ARZOBISPADO-EDIFICIO.jpg\" alt=\"\" width=\"800\" height=\"600\" srcset=\"https:\/\/vocesparalelas.com.ar\/sitio\/wp-content\/uploads\/2023\/07\/ARZOBISPADO-EDIFICIO.jpg 800w, https:\/\/vocesparalelas.com.ar\/sitio\/wp-content\/uploads\/2023\/07\/ARZOBISPADO-EDIFICIO-300x225.jpg 300w, https:\/\/vocesparalelas.com.ar\/sitio\/wp-content\/uploads\/2023\/07\/ARZOBISPADO-EDIFICIO-768x576.jpg 768w\" sizes=\"auto, (max-width: 800px) 100vw, 800px\" \/><\/p>\n","protected":false},"excerpt":{"rendered":"<p>Por el Arzobispo de San Juan de Cuyo, Monse\u00f1or Jorge Lozano Alguna vez nos pudo suceder recibir a alguien que<\/p>\n","protected":false},"author":3,"featured_media":81112,"comment_status":"closed","ping_status":"closed","sticky":false,"template":"","format":"standard","meta":{"_acf_changed":false,"_seopress_robots_primary_cat":"none","_seopress_titles_title":"","_seopress_titles_desc":"","_seopress_robots_index":"","colormag_page_container_layout":"default_layout","colormag_page_sidebar_layout":"default_layout","footnotes":""},"categories":[10,7],"tags":[],"class_list":["post-96138","post","type-post","status-publish","format-standard","has-post-thumbnail","hentry","category-opiniones","category-videos"],"acf":[],"_links":{"self":[{"href":"https:\/\/vocesparalelas.com.ar\/sitio\/wp-json\/wp\/v2\/posts\/96138","targetHints":{"allow":["GET"]}}],"collection":[{"href":"https:\/\/vocesparalelas.com.ar\/sitio\/wp-json\/wp\/v2\/posts"}],"about":[{"href":"https:\/\/vocesparalelas.com.ar\/sitio\/wp-json\/wp\/v2\/types\/post"}],"author":[{"embeddable":true,"href":"https:\/\/vocesparalelas.com.ar\/sitio\/wp-json\/wp\/v2\/users\/3"}],"replies":[{"embeddable":true,"href":"https:\/\/vocesparalelas.com.ar\/sitio\/wp-json\/wp\/v2\/comments?post=96138"}],"version-history":[{"count":2,"href":"https:\/\/vocesparalelas.com.ar\/sitio\/wp-json\/wp\/v2\/posts\/96138\/revisions"}],"predecessor-version":[{"id":96142,"href":"https:\/\/vocesparalelas.com.ar\/sitio\/wp-json\/wp\/v2\/posts\/96138\/revisions\/96142"}],"wp:featuredmedia":[{"embeddable":true,"href":"https:\/\/vocesparalelas.com.ar\/sitio\/wp-json\/wp\/v2\/media\/81112"}],"wp:attachment":[{"href":"https:\/\/vocesparalelas.com.ar\/sitio\/wp-json\/wp\/v2\/media?parent=96138"}],"wp:term":[{"taxonomy":"category","embeddable":true,"href":"https:\/\/vocesparalelas.com.ar\/sitio\/wp-json\/wp\/v2\/categories?post=96138"},{"taxonomy":"post_tag","embeddable":true,"href":"https:\/\/vocesparalelas.com.ar\/sitio\/wp-json\/wp\/v2\/tags?post=96138"}],"curies":[{"name":"wp","href":"https:\/\/api.w.org\/{rel}","templated":true}]}}